{"id":6492,"date":"2026-03-14T16:24:21","date_gmt":"2026-03-14T16:24:21","guid":{"rendered":"https:\/\/1institalastation.be\/?p=6492"},"modified":"2026-03-14T16:24:22","modified_gmt":"2026-03-14T16:24:22","slug":"coloriage-collectif-printemps","status":"publish","type":"post","link":"https:\/\/1institalastation.be\/?p=6492","title":{"rendered":"Coloriage collectif : Printemps"},"content":{"rendered":"\n<p>Le coloriage collectif est une activit\u00e9 simple \u00e0 mettre en place et tr\u00e8s riche p\u00e9dagogiquement. Le principe est de proposer&nbsp;<strong>un grand dessin commun<\/strong>&nbsp;que les enfants vont colorier ensemble. Chaque \u00e9l\u00e8ve participe \u00e0 une partie du dessin et peut choisir librement ses couleurs et sa mani\u00e8re de colorier.<\/p>\n\n\n\n<p>Petit \u00e0 petit, le dessin se construit gr\u00e2ce aux contributions de chacun et devient&nbsp;<strong>une \u0153uvre collective<\/strong>&nbsp;dont toute la classe peut \u00eatre fi\u00e8re. Ce type d\u2019activit\u00e9 permet de valoriser le travail des enfants tout en d\u00e9veloppant l\u2019id\u00e9e de projet commun.<\/p>\n\n\n\n<p>Dans notre activit\u00e9, une fois le dessin colori\u00e9, nous avons \u00e9galement d\u00e9cor\u00e9 le cadre avec des&nbsp;<strong>empreintes de ballons de baudruche<\/strong>&nbsp;tremp\u00e9s dans la peinture afin de cr\u00e9er des fleurs et d\u2019\u00e9gayer la production finale.<\/p>\n\n\n\n<figure class=\"wp-block-gallery has-nested-images columns-default is-cropped wp-block-gallery-1 is-layout-flex wp-block-gallery-is-layout-flex\">\n<figure class=\"wp-block-image size-large\"><img loading=\"lazy\" decoding=\"async\" width=\"768\" height=\"1024\" data-id=\"6496\" src=\"https:\/\/1institalastation.be\/wp-content\/uploads\/2026\/03\/IMG_1162-768x1024.jpeg\" alt=\"\" class=\"wp-image-6496\" srcset=\"https:\/\/1institalastation.be\/wp-content\/uploads\/2026\/03\/IMG_1162-768x1024.jpeg 768w, https:\/\/1institalastation.be\/wp-content\/uploads\/2026\/03\/IMG_1162-225x300.jpeg 225w, https:\/\/1institalastation.be\/wp-content\/uploads\/2026\/03\/IMG_1162-1152x1536.jpeg 1152w, https:\/\/1institalastation.be\/wp-content\/uploads\/2026\/03\/IMG_1162-1536x2048.jpeg 1536w, https:\/\/1institalastation.be\/wp-content\/uploads\/2026\/03\/IMG_1162-1200x1600.jpeg 1200w, https:\/\/1institalastation.be\/wp-content\/uploads\/2026\/03\/IMG_1162-scaled.jpeg 1920w\" sizes=\"auto, (max-width: 768px) 100vw, 768px\" \/><\/figure>\n\n\n\n<figure class=\"wp-block-image size-large\"><img loading=\"lazy\" decoding=\"async\" width=\"768\" height=\"1024\" data-id=\"6495\" src=\"https:\/\/1institalastation.be\/wp-content\/uploads\/2026\/03\/IMG_1155-768x1024.jpeg\" alt=\"\" class=\"wp-image-6495\" srcset=\"https:\/\/1institalastation.be\/wp-content\/uploads\/2026\/03\/IMG_1155-768x1024.jpeg 768w, https:\/\/1institalastation.be\/wp-content\/uploads\/2026\/03\/IMG_1155-225x300.jpeg 225w, https:\/\/1institalastation.be\/wp-content\/uploads\/2026\/03\/IMG_1155-1152x1536.jpeg 1152w, https:\/\/1institalastation.be\/wp-content\/uploads\/2026\/03\/IMG_1155-1536x2048.jpeg 1536w, https:\/\/1institalastation.be\/wp-content\/uploads\/2026\/03\/IMG_1155-1200x1600.jpeg 1200w, https:\/\/1institalastation.be\/wp-content\/uploads\/2026\/03\/IMG_1155-scaled.jpeg 1920w\" sizes=\"auto, (max-width: 768px) 100vw, 768px\" \/><\/figure>\n\n\n\n<figure class=\"wp-block-image size-large\"><img loading=\"lazy\" decoding=\"async\" width=\"768\" height=\"1024\" data-id=\"6494\" src=\"https:\/\/1institalastation.be\/wp-content\/uploads\/2026\/03\/IMG_1163-768x1024.jpeg\" alt=\"\" class=\"wp-image-6494\" srcset=\"https:\/\/1institalastation.be\/wp-content\/uploads\/2026\/03\/IMG_1163-768x1024.jpeg 768w, https:\/\/1institalastation.be\/wp-content\/uploads\/2026\/03\/IMG_1163-225x300.jpeg 225w, https:\/\/1institalastation.be\/wp-content\/uploads\/2026\/03\/IMG_1163-1152x1536.jpeg 1152w, https:\/\/1institalastation.be\/wp-content\/uploads\/2026\/03\/IMG_1163-1536x2048.jpeg 1536w, https:\/\/1institalastation.be\/wp-content\/uploads\/2026\/03\/IMG_1163-1200x1600.jpeg 1200w, https:\/\/1institalastation.be\/wp-content\/uploads\/2026\/03\/IMG_1163-scaled.jpeg 1920w\" sizes=\"auto, (max-width: 768px) 100vw, 768px\" \/><\/figure>\n<\/figure>\n\n\n\n<hr class=\"wp-block-separator has-alpha-channel-opacity\"\/>\n\n\n\n<h3 class=\"wp-block-heading\">Attendus travaill\u00e9s \u00e0 travers cette activit\u00e9<\/h3>\n\n\n\n<p><strong>D\u00e9veloppement artistique et cr\u00e9ativit\u00e9<\/strong><\/p>\n\n\n\n<ul class=\"wp-block-list\">\n<li>Exp\u00e9rimenter diff\u00e9rents outils et techniques plastiques.<\/li>\n\n\n\n<li>Explorer les couleurs et les effets visuels.<\/li>\n\n\n\n<li>R\u00e9aliser une production plastique personnelle ou collective.<\/li>\n<\/ul>\n\n\n\n<p><strong>Motricit\u00e9 fine<\/strong><\/p>\n\n\n\n<ul class=\"wp-block-list\">\n<li>D\u00e9velopper la pr\u00e9cision du geste dans des activit\u00e9s graphiques.<\/li>\n\n\n\n<li>Manipuler diff\u00e9rents outils (crayons, peinture, objets pour imprimer).<\/li>\n<\/ul>\n\n\n\n<p><strong>Coop\u00e9ration et vie de groupe<\/strong><\/p>\n\n\n\n<ul class=\"wp-block-list\">\n<li>Participer \u00e0 une r\u00e9alisation collective.<\/li>\n\n\n\n<li>Respecter le travail des autres et contribuer \u00e0 un projet commun.<\/li>\n<\/ul>\n\n\n\n<p><strong>Construction de la confiance en soi<\/strong><\/p>\n\n\n\n<ul class=\"wp-block-list\">\n<li>Oser cr\u00e9er et faire des choix.<\/li>\n\n\n\n<li>\u00catre fier de sa participation \u00e0 une production visible dans la classe.<\/li>\n<\/ul>\n\n\n\n<hr class=\"wp-block-separator has-alpha-channel-opacity\"\/>\n\n\n\n<p>\ud83d\udca1 Le fichier du coloriage collectif est\u00a0<strong>disponible en t\u00e9l\u00e9chargement <\/strong>afin de pouvoir l\u2019utiliser facilement en classe.<\/p>\n\n\n\n<div data-wp-interactive=\"core\/file\" class=\"wp-block-file\"><object data-wp-bind--hidden=\"!state.hasPdfPreview\" hidden class=\"wp-block-file__embed\" data=\"https:\/\/1institalastation.be\/wp-content\/uploads\/2026\/03\/printemps.pdf\" type=\"application\/pdf\" style=\"width:100%;height:600px\" aria-label=\"Contenu embarqu\u00e9 printemps.\"><\/object><a id=\"wp-block-file--media-21852840-3531-4a5c-acb3-9e000c53b2e9\" href=\"https:\/\/1institalastation.be\/wp-content\/uploads\/2026\/03\/printemps.pdf\">printemps<\/a><a href=\"https:\/\/1institalastation.be\/wp-content\/uploads\/2026\/03\/printemps.pdf\" class=\"wp-block-file__button wp-element-button\" download aria-describedby=\"wp-block-file--media-21852840-3531-4a5c-acb3-9e000c53b2e9\">T\u00e9l\u00e9charger<\/a><\/div>\n","protected":false},"excerpt":{"rendered":"<p>Le coloriage collectif est une activit\u00e9 simple \u00e0 mettre en place et tr\u00e8s riche p\u00e9dagogiquement. Le principe est de proposer&nbsp;un grand dessin commun&nbsp;que les enfants vont colorier ensemble. Chaque \u00e9l\u00e8ve participe \u00e0 une partie du dessin et peut choisir librement ses couleurs et sa mani\u00e8re de colorier. Petit \u00e0 petit, le dessin se construit gr\u00e2ce aux contributions de chacun et devient&nbsp;une \u0153uvre collective&nbsp;dont toute la classe peut \u00eatre fi\u00e8re. Ce type d\u2019activit\u00e9 permet de valoriser le travail des enfants tout en d\u00e9veloppant l\u2019id\u00e9e de projet commun. Dans notre activit\u00e9, une fois le dessin colori\u00e9, nous avons \u00e9galement d\u00e9cor\u00e9 le cadre avec des&nbsp;empreintes de ballons de baudruche&nbsp;tremp\u00e9s dans la peinture afin de cr\u00e9er des fleurs et d\u2019\u00e9gayer la production finale. Attendus travaill\u00e9s \u00e0 travers cette activit\u00e9 D\u00e9veloppement artistique et cr\u00e9ativit\u00e9 Motricit\u00e9 fine Coop\u00e9ration et vie de groupe Construction de la confiance en soi \ud83d\udca1 Le fichier du coloriage collectif est\u00a0disponible en t\u00e9l\u00e9chargement afin de pouvoir l\u2019utiliser facilement en classe.<\/p>\n","protected":false},"author":1,"featured_media":6495,"comment_status":"open","ping_status":"open","sticky":false,"template":"","format":"standard","meta":{"footnotes":""},"categories":[916,913],"tags":[917,915],"class_list":["post-6492","post","type-post","status-publish","format-standard","has-post-thumbnail","hentry","category-coloriage-collectif","category-printemps","tag-coloriage-collectif","tag-printemps"],"acf":[],"_links":{"self":[{"href":"https:\/\/1institalastation.be\/index.php?rest_route=\/wp\/v2\/posts\/6492","targetHints":{"allow":["GET"]}}],"collection":[{"href":"https:\/\/1institalastation.be\/index.php?rest_route=\/wp\/v2\/posts"}],"about":[{"href":"https:\/\/1institalastation.be\/index.php?rest_route=\/wp\/v2\/types\/post"}],"author":[{"embeddable":true,"href":"https:\/\/1institalastation.be\/index.php?rest_route=\/wp\/v2\/users\/1"}],"replies":[{"embeddable":true,"href":"https:\/\/1institalastation.be\/index.php?rest_route=%2Fwp%2Fv2%2Fcomments&post=6492"}],"version-history":[{"count":1,"href":"https:\/\/1institalastation.be\/index.php?rest_route=\/wp\/v2\/posts\/6492\/revisions"}],"predecessor-version":[{"id":6497,"href":"https:\/\/1institalastation.be\/index.php?rest_route=\/wp\/v2\/posts\/6492\/revisions\/6497"}],"wp:featuredmedia":[{"embeddable":true,"href":"https:\/\/1institalastation.be\/index.php?rest_route=\/wp\/v2\/media\/6495"}],"wp:attachment":[{"href":"https:\/\/1institalastation.be\/index.php?rest_route=%2Fwp%2Fv2%2Fmedia&parent=6492"}],"wp:term":[{"taxonomy":"category","embeddable":true,"href":"https:\/\/1institalastation.be\/index.php?rest_route=%2Fwp%2Fv2%2Fcategories&post=6492"},{"taxonomy":"post_tag","embeddable":true,"href":"https:\/\/1institalastation.be\/index.php?rest_route=%2Fwp%2Fv2%2Ftags&post=6492"}],"curies":[{"name":"wp","href":"https:\/\/api.w.org\/{rel}","templated":true}]}}