{"id":6486,"date":"2026-03-14T15:42:02","date_gmt":"2026-03-14T15:42:02","guid":{"rendered":"https:\/\/1institalastation.be\/?p=6486"},"modified":"2026-03-14T15:42:03","modified_gmt":"2026-03-14T15:42:03","slug":"chanson-au-printemps","status":"publish","type":"post","link":"https:\/\/1institalastation.be\/?p=6486","title":{"rendered":"Chanson: Au printemps"},"content":{"rendered":"\n<h3 class=\"wp-block-heading\">Une trace du printemps dans le classeur de vie \ud83c\udf38<\/h3>\n\n\n\n<p>Avec l\u2019arriv\u00e9e du printemps, nous avons appris une jolie chanson de&nbsp;<strong>Julien.instit<\/strong>&nbsp;en classe.<br>Pour garder une trace de ce moment dans notre&nbsp;<strong>classeur de vie<\/strong>, j\u2019ai cr\u00e9\u00e9 une feuille reprenant les paroles de la chanson.<\/p>\n\n\n<div class=\"wp-block-image is-style-rounded\">\n<figure class=\"aligncenter size-large\"><img loading=\"lazy\" decoding=\"async\" width=\"2560\" height=\"1920\" src=\"https:\/\/1institalastation.be\/wp-content\/uploads\/2026\/03\/IMG_0013-edited-scaled.jpeg\" alt=\"\" class=\"wp-image-6490\" srcset=\"https:\/\/1institalastation.be\/wp-content\/uploads\/2026\/03\/IMG_0013-edited-scaled.jpeg 2560w, https:\/\/1institalastation.be\/wp-content\/uploads\/2026\/03\/IMG_0013-edited-300x225.jpeg 300w, https:\/\/1institalastation.be\/wp-content\/uploads\/2026\/03\/IMG_0013-edited-1024x768.jpeg 1024w, https:\/\/1institalastation.be\/wp-content\/uploads\/2026\/03\/IMG_0013-edited-768x576.jpeg 768w, https:\/\/1institalastation.be\/wp-content\/uploads\/2026\/03\/IMG_0013-edited-1536x1152.jpeg 1536w, https:\/\/1institalastation.be\/wp-content\/uploads\/2026\/03\/IMG_0013-edited-2048x1536.jpeg 2048w, https:\/\/1institalastation.be\/wp-content\/uploads\/2026\/03\/IMG_0013-edited-1200x900.jpeg 1200w\" sizes=\"auto, (max-width: 2560px) 100vw, 2560px\" \/><\/figure>\n<\/div>\n\n\n<p>Les enfants l\u2019ont ensuite&nbsp;<strong>colori\u00e9e librement<\/strong>, afin d\u2019y apporter leurs propres couleurs et de s\u2019approprier ce souvenir. Chaque feuille devient ainsi unique, tout en gardant la m\u00e9moire de cette chanson que nous chantons ensemble en classe.<\/p>\n\n\n\n<p>Une belle mani\u00e8re de&nbsp;<strong>m\u00ealer langage, cr\u00e9ativit\u00e9 et souvenir<\/strong>&nbsp;dans le classeur de vie !<\/p>\n\n\n\n<div data-wp-interactive=\"core\/file\" class=\"wp-block-file\"><object data-wp-bind--hidden=\"!state.hasPdfPreview\" hidden class=\"wp-block-file__embed\" data=\"https:\/\/1institalastation.be\/wp-content\/uploads\/2026\/03\/au_printemps_chanson.pdf\" type=\"application\/pdf\" style=\"width:100%;height:600px\" aria-label=\"Contenu embarqu\u00e9 au_printemps_chanson.\"><\/object><a id=\"wp-block-file--media-8b1400d0-0b3c-4837-bfcd-b47f72a046f7\" href=\"https:\/\/1institalastation.be\/wp-content\/uploads\/2026\/03\/au_printemps_chanson.pdf\">au_printemps_chanson<\/a><a href=\"https:\/\/1institalastation.be\/wp-content\/uploads\/2026\/03\/au_printemps_chanson.pdf\" class=\"wp-block-file__button wp-element-button\" download aria-describedby=\"wp-block-file--media-8b1400d0-0b3c-4837-bfcd-b47f72a046f7\">T\u00e9l\u00e9charger<\/a><\/div>\n","protected":false},"excerpt":{"rendered":"<p>Une trace du printemps dans le classeur de vie \ud83c\udf38 Avec l\u2019arriv\u00e9e du printemps, nous avons appris une jolie chanson de&nbsp;Julien.instit&nbsp;en classe.Pour garder une trace de ce moment dans notre&nbsp;classeur de vie, j\u2019ai cr\u00e9\u00e9 une feuille reprenant les paroles de la chanson. Les enfants l\u2019ont ensuite&nbsp;colori\u00e9e librement, afin d\u2019y apporter leurs propres couleurs et de s\u2019approprier ce souvenir. Chaque feuille devient ainsi unique, tout en gardant la m\u00e9moire de cette chanson que nous chantons ensemble en classe. Une belle mani\u00e8re de&nbsp;m\u00ealer langage, cr\u00e9ativit\u00e9 et souvenir&nbsp;dans le classeur de vie !<\/p>\n","protected":false},"author":1,"featured_media":6489,"comment_status":"open","ping_status":"open","sticky":false,"template":"","format":"standard","meta":{"footnotes":""},"categories":[913],"tags":[83,914,915],"class_list":["post-6486","post","type-post","status-publish","format-standard","has-post-thumbnail","hentry","category-printemps","tag-chanson","tag-julien-instit","tag-printemps"],"acf":[],"_links":{"self":[{"href":"https:\/\/1institalastation.be\/index.php?rest_route=\/wp\/v2\/posts\/6486","targetHints":{"allow":["GET"]}}],"collection":[{"href":"https:\/\/1institalastation.be\/index.php?rest_route=\/wp\/v2\/posts"}],"about":[{"href":"https:\/\/1institalastation.be\/index.php?rest_route=\/wp\/v2\/types\/post"}],"author":[{"embeddable":true,"href":"https:\/\/1institalastation.be\/index.php?rest_route=\/wp\/v2\/users\/1"}],"replies":[{"embeddable":true,"href":"https:\/\/1institalastation.be\/index.php?rest_route=%2Fwp%2Fv2%2Fcomments&post=6486"}],"version-history":[{"count":2,"href":"https:\/\/1institalastation.be\/index.php?rest_route=\/wp\/v2\/posts\/6486\/revisions"}],"predecessor-version":[{"id":6527,"href":"https:\/\/1institalastation.be\/index.php?rest_route=\/wp\/v2\/posts\/6486\/revisions\/6527"}],"wp:featuredmedia":[{"embeddable":true,"href":"https:\/\/1institalastation.be\/index.php?rest_route=\/wp\/v2\/media\/6489"}],"wp:attachment":[{"href":"https:\/\/1institalastation.be\/index.php?rest_route=%2Fwp%2Fv2%2Fmedia&parent=6486"}],"wp:term":[{"taxonomy":"category","embeddable":true,"href":"https:\/\/1institalastation.be\/index.php?rest_route=%2Fwp%2Fv2%2Fcategories&post=6486"},{"taxonomy":"post_tag","embeddable":true,"href":"https:\/\/1institalastation.be\/index.php?rest_route=%2Fwp%2Fv2%2Ftags&post=6486"}],"curies":[{"name":"wp","href":"https:\/\/api.w.org\/{rel}","templated":true}]}}