{"id":4810,"date":"2021-11-02T13:37:14","date_gmt":"2021-11-02T13:37:14","guid":{"rendered":"https:\/\/1institalastation.be\/?p=4810"},"modified":"2021-11-02T13:37:15","modified_gmt":"2021-11-02T13:37:15","slug":"%f0%9f%8f%98-little-architect-%f0%9f%8f%98","status":"publish","type":"post","link":"https:\/\/1institalastation.be\/?p=4810","title":{"rendered":"\ud83c\udfd8 Little Architect \ud83c\udfd8"},"content":{"rendered":"\n<p>Voici le petit nouveau de chez\u00a0Haba\u00a0..<br>Et comment vous dire que c\u2019est une petite bombe\u2026 Il est terrible \ud83e\udd29..\u00a0<br>Un jeu qui va permettre \u00e0 l\u2019enfant de stimuler sa pens\u00e9e logique ainsi que sa concentration en travaillant la repr\u00e9sentation dans l\u2019espace..Il n\u2019est vraiment pas simple..<br>L\u2019enfant a une carte avec un mod\u00e8le qui pr\u00e9sente un \u00e9difice sous deux perspectives : de haut et de face.. A lui d\u2019assembler les blocs\u2026. le petit + : la carte est autocorrective \ud83d\ude09<\/p>\n\n\n\n<figure class=\"wp-block-gallery columns-4 is-cropped wp-block-gallery-1 is-layout-flex wp-block-gallery-is-layout-flex\"><ul class=\"blocks-gallery-grid\"><li class=\"blocks-gallery-item\"><figure><img loading=\"lazy\" decoding=\"async\" width=\"412\" height=\"377\" src=\"https:\/\/1institalastation.be\/wp-content\/uploads\/2021\/11\/Capture-decran-2021-11-02-a-14.31.47.png\" alt=\"\" data-id=\"4811\" data-full-url=\"https:\/\/1institalastation.be\/wp-content\/uploads\/2021\/11\/Capture-decran-2021-11-02-a-14.31.47.png\" data-link=\"https:\/\/1institalastation.be\/?attachment_id=4811\" class=\"wp-image-4811\" srcset=\"https:\/\/1institalastation.be\/wp-content\/uploads\/2021\/11\/Capture-decran-2021-11-02-a-14.31.47.png 412w, https:\/\/1institalastation.be\/wp-content\/uploads\/2021\/11\/Capture-decran-2021-11-02-a-14.31.47-300x275.png 300w\" sizes=\"auto, (max-width: 412px) 100vw, 412px\" \/><\/figure><\/li><li class=\"blocks-gallery-item\"><figure><img loading=\"lazy\" decoding=\"async\" width=\"411\" height=\"385\" src=\"https:\/\/1institalastation.be\/wp-content\/uploads\/2021\/11\/Capture-decran-2021-11-02-a-14.31.39.png\" alt=\"\" data-id=\"4812\" data-full-url=\"https:\/\/1institalastation.be\/wp-content\/uploads\/2021\/11\/Capture-decran-2021-11-02-a-14.31.39.png\" data-link=\"https:\/\/1institalastation.be\/?attachment_id=4812\" class=\"wp-image-4812\" srcset=\"https:\/\/1institalastation.be\/wp-content\/uploads\/2021\/11\/Capture-decran-2021-11-02-a-14.31.39.png 411w, https:\/\/1institalastation.be\/wp-content\/uploads\/2021\/11\/Capture-decran-2021-11-02-a-14.31.39-300x281.png 300w\" sizes=\"auto, (max-width: 411px) 100vw, 411px\" \/><\/figure><\/li><li class=\"blocks-gallery-item\"><figure><img loading=\"lazy\" decoding=\"async\" width=\"402\" height=\"391\" src=\"https:\/\/1institalastation.be\/wp-content\/uploads\/2021\/11\/Capture-decran-2021-11-02-a-14.31.29.png\" alt=\"\" data-id=\"4813\" data-full-url=\"https:\/\/1institalastation.be\/wp-content\/uploads\/2021\/11\/Capture-decran-2021-11-02-a-14.31.29.png\" data-link=\"https:\/\/1institalastation.be\/?attachment_id=4813\" class=\"wp-image-4813\" srcset=\"https:\/\/1institalastation.be\/wp-content\/uploads\/2021\/11\/Capture-decran-2021-11-02-a-14.31.29.png 402w, https:\/\/1institalastation.be\/wp-content\/uploads\/2021\/11\/Capture-decran-2021-11-02-a-14.31.29-300x292.png 300w\" sizes=\"auto, (max-width: 402px) 100vw, 402px\" \/><\/figure><\/li><li class=\"blocks-gallery-item\"><figure><img loading=\"lazy\" decoding=\"async\" width=\"400\" height=\"391\" src=\"https:\/\/1institalastation.be\/wp-content\/uploads\/2021\/11\/Capture-decran-2021-11-02-a-14.31.19.png\" alt=\"\" data-id=\"4814\" data-full-url=\"https:\/\/1institalastation.be\/wp-content\/uploads\/2021\/11\/Capture-decran-2021-11-02-a-14.31.19.png\" data-link=\"https:\/\/1institalastation.be\/?attachment_id=4814\" class=\"wp-image-4814\" srcset=\"https:\/\/1institalastation.be\/wp-content\/uploads\/2021\/11\/Capture-decran-2021-11-02-a-14.31.19.png 400w, https:\/\/1institalastation.be\/wp-content\/uploads\/2021\/11\/Capture-decran-2021-11-02-a-14.31.19-300x293.png 300w\" sizes=\"auto, (max-width: 400px) 100vw, 400px\" \/><\/figure><\/li><li class=\"blocks-gallery-item\"><figure><img loading=\"lazy\" decoding=\"async\" width=\"405\" height=\"385\" src=\"https:\/\/1institalastation.be\/wp-content\/uploads\/2021\/11\/Capture-decran-2021-11-02-a-14.31.04.png\" alt=\"\" data-id=\"4815\" data-full-url=\"https:\/\/1institalastation.be\/wp-content\/uploads\/2021\/11\/Capture-decran-2021-11-02-a-14.31.04.png\" data-link=\"https:\/\/1institalastation.be\/?attachment_id=4815\" class=\"wp-image-4815\" srcset=\"https:\/\/1institalastation.be\/wp-content\/uploads\/2021\/11\/Capture-decran-2021-11-02-a-14.31.04.png 405w, https:\/\/1institalastation.be\/wp-content\/uploads\/2021\/11\/Capture-decran-2021-11-02-a-14.31.04-300x285.png 300w\" sizes=\"auto, (max-width: 405px) 100vw, 405px\" \/><\/figure><\/li><li class=\"blocks-gallery-item\"><figure><img loading=\"lazy\" decoding=\"async\" width=\"404\" height=\"384\" src=\"https:\/\/1institalastation.be\/wp-content\/uploads\/2021\/11\/Capture-decran-2021-11-02-a-14.30.56.png\" alt=\"\" data-id=\"4816\" data-full-url=\"https:\/\/1institalastation.be\/wp-content\/uploads\/2021\/11\/Capture-decran-2021-11-02-a-14.30.56.png\" data-link=\"https:\/\/1institalastation.be\/?attachment_id=4816\" class=\"wp-image-4816\" srcset=\"https:\/\/1institalastation.be\/wp-content\/uploads\/2021\/11\/Capture-decran-2021-11-02-a-14.30.56.png 404w, https:\/\/1institalastation.be\/wp-content\/uploads\/2021\/11\/Capture-decran-2021-11-02-a-14.30.56-300x285.png 300w\" sizes=\"auto, (max-width: 404px) 100vw, 404px\" \/><\/figure><\/li><li class=\"blocks-gallery-item\"><figure><img loading=\"lazy\" decoding=\"async\" width=\"415\" height=\"380\" src=\"https:\/\/1institalastation.be\/wp-content\/uploads\/2021\/11\/Capture-decran-2021-11-02-a-14.30.48.png\" alt=\"\" data-id=\"4817\" data-full-url=\"https:\/\/1institalastation.be\/wp-content\/uploads\/2021\/11\/Capture-decran-2021-11-02-a-14.30.48.png\" data-link=\"https:\/\/1institalastation.be\/?attachment_id=4817\" class=\"wp-image-4817\" srcset=\"https:\/\/1institalastation.be\/wp-content\/uploads\/2021\/11\/Capture-decran-2021-11-02-a-14.30.48.png 415w, https:\/\/1institalastation.be\/wp-content\/uploads\/2021\/11\/Capture-decran-2021-11-02-a-14.30.48-300x275.png 300w\" sizes=\"auto, (max-width: 415px) 100vw, 415px\" \/><\/figure><\/li><li class=\"blocks-gallery-item\"><figure><img loading=\"lazy\" decoding=\"async\" width=\"417\" height=\"378\" src=\"https:\/\/1institalastation.be\/wp-content\/uploads\/2021\/11\/Capture-decran-2021-11-02-a-14.30.41.png\" alt=\"\" data-id=\"4818\" data-full-url=\"https:\/\/1institalastation.be\/wp-content\/uploads\/2021\/11\/Capture-decran-2021-11-02-a-14.30.41.png\" data-link=\"https:\/\/1institalastation.be\/?attachment_id=4818\" class=\"wp-image-4818\" srcset=\"https:\/\/1institalastation.be\/wp-content\/uploads\/2021\/11\/Capture-decran-2021-11-02-a-14.30.41.png 417w, https:\/\/1institalastation.be\/wp-content\/uploads\/2021\/11\/Capture-decran-2021-11-02-a-14.30.41-300x272.png 300w\" sizes=\"auto, (max-width: 417px) 100vw, 417px\" \/><\/figure><\/li><\/ul><\/figure>\n\n\n\n<p>Un beau jeu pour les ateliers autonomes.. Pour la fin de la maternelle et d\u00e9but primaire voir plus\u2026<br>Le plateau est \u00e0 plastifier pour une longue tenue..<\/p>\n\n\n\n<p><\/p>\n\n\n\n<p>Alors vous en pensez quoi?<\/p>\n","protected":false},"excerpt":{"rendered":"<p>Voici le petit nouveau de chez\u00a0Haba\u00a0..Et comment vous dire que c\u2019est une petite bombe\u2026 Il est terrible \ud83e\udd29..\u00a0Un jeu qui va permettre \u00e0 l\u2019enfant de stimuler sa pens\u00e9e logique ainsi que sa concentration en travaillant la repr\u00e9sentation dans l\u2019espace..Il n\u2019est vraiment pas simple..L\u2019enfant a une carte avec un mod\u00e8le qui pr\u00e9sente un \u00e9difice sous deux perspectives : de haut et de face.. A lui d\u2019assembler les blocs\u2026. le petit + : la carte est autocorrective \ud83d\ude09 Un beau jeu pour les ateliers autonomes.. Pour la fin de la maternelle et d\u00e9but primaire voir plus\u2026Le plateau est \u00e0 plastifier pour une longue tenue.. Alors vous en pensez quoi?<\/p>\n","protected":false},"author":1,"featured_media":4819,"comment_status":"open","ping_status":"open","sticky":false,"template":"","format":"standard","meta":{"footnotes":""},"categories":[28,40],"tags":[68,411,680,679],"class_list":["post-4810","post","type-post","status-publish","format-standard","has-post-thumbnail","hentry","category-geometrie","category-logique","tag-ateliers-autonomes","tag-haba","tag-perspective","tag-repere-spatial"],"acf":[],"_links":{"self":[{"href":"https:\/\/1institalastation.be\/index.php?rest_route=\/wp\/v2\/posts\/4810","targetHints":{"allow":["GET"]}}],"collection":[{"href":"https:\/\/1institalastation.be\/index.php?rest_route=\/wp\/v2\/posts"}],"about":[{"href":"https:\/\/1institalastation.be\/index.php?rest_route=\/wp\/v2\/types\/post"}],"author":[{"embeddable":true,"href":"https:\/\/1institalastation.be\/index.php?rest_route=\/wp\/v2\/users\/1"}],"replies":[{"embeddable":true,"href":"https:\/\/1institalastation.be\/index.php?rest_route=%2Fwp%2Fv2%2Fcomments&post=4810"}],"version-history":[{"count":0,"href":"https:\/\/1institalastation.be\/index.php?rest_route=\/wp\/v2\/posts\/4810\/revisions"}],"wp:featuredmedia":[{"embeddable":true,"href":"https:\/\/1institalastation.be\/index.php?rest_route=\/wp\/v2\/media\/4819"}],"wp:attachment":[{"href":"https:\/\/1institalastation.be\/index.php?rest_route=%2Fwp%2Fv2%2Fmedia&parent=4810"}],"wp:term":[{"taxonomy":"category","embeddable":true,"href":"https:\/\/1institalastation.be\/index.php?rest_route=%2Fwp%2Fv2%2Fcategories&post=4810"},{"taxonomy":"post_tag","embeddable":true,"href":"https:\/\/1institalastation.be\/index.php?rest_route=%2Fwp%2Fv2%2Ftags&post=4810"}],"curies":[{"name":"wp","href":"https:\/\/api.w.org\/{rel}","templated":true}]}}