{"id":3927,"date":"2021-01-14T22:30:10","date_gmt":"2021-01-14T22:30:10","guid":{"rendered":"https:\/\/1institalastation.be\/?p=3927"},"modified":"2021-01-14T22:36:12","modified_gmt":"2021-01-14T22:36:12","slug":"les-5-sens-autour-de-rene-magritte","status":"publish","type":"post","link":"https:\/\/1institalastation.be\/?p=3927","title":{"rendered":"Les 5 sens autour de Ren\u00e9 Magritte"},"content":{"rendered":"\n<p>Je vous partage la s\u00e9quence des 5 sens autour de Ren\u00e9 Magritte que ma Stagiaire a r\u00e9alis\u00e9 cette semaine.<\/p>\n\n\n\n<p>La s\u00e9quence commence par un moment de contagion: la lecture de  l\u2019album \u00ab&nbsp;Marcel le r\u00eaveur&nbsp;\u00bb d\u2019Anthony Browne qui comprend des oeuvres de Ren\u00e9 Magritte dans son album. Ensuite, la lecture du petit doc \u00ab\u00a0Ren\u00e9 Margitte\u00a0\u00bb.<\/p>\n\n\n\n<figure class=\"wp-block-gallery columns-2 is-cropped wp-block-gallery-1 is-layout-flex wp-block-gallery-is-layout-flex\"><ul class=\"blocks-gallery-grid\"><li class=\"blocks-gallery-item\"><figure><img loading=\"lazy\" decoding=\"async\" width=\"435\" height=\"516\" src=\"https:\/\/1institalastation.be\/wp-content\/uploads\/2021\/01\/Capture-decran-2021-01-14-a-22.28.49.png\" alt=\"\" data-id=\"3935\" data-full-url=\"https:\/\/1institalastation.be\/wp-content\/uploads\/2021\/01\/Capture-decran-2021-01-14-a-22.28.49.png\" data-link=\"https:\/\/1institalastation.be\/?attachment_id=3935\" class=\"wp-image-3935\" srcset=\"https:\/\/1institalastation.be\/wp-content\/uploads\/2021\/01\/Capture-decran-2021-01-14-a-22.28.49.png 435w, https:\/\/1institalastation.be\/wp-content\/uploads\/2021\/01\/Capture-decran-2021-01-14-a-22.28.49-253x300.png 253w\" sizes=\"auto, (max-width: 435px) 100vw, 435px\" \/><\/figure><\/li><li class=\"blocks-gallery-item\"><figure><img loading=\"lazy\" decoding=\"async\" width=\"376\" height=\"479\" src=\"https:\/\/1institalastation.be\/wp-content\/uploads\/2021\/01\/Capture-decran-2021-01-14-a-22.28.29.png\" alt=\"\" data-id=\"3936\" data-full-url=\"https:\/\/1institalastation.be\/wp-content\/uploads\/2021\/01\/Capture-decran-2021-01-14-a-22.28.29.png\" data-link=\"https:\/\/1institalastation.be\/?attachment_id=3936\" class=\"wp-image-3936\" srcset=\"https:\/\/1institalastation.be\/wp-content\/uploads\/2021\/01\/Capture-decran-2021-01-14-a-22.28.29.png 376w, https:\/\/1institalastation.be\/wp-content\/uploads\/2021\/01\/Capture-decran-2021-01-14-a-22.28.29-235x300.png 235w\" sizes=\"auto, (max-width: 376px) 100vw, 376px\" \/><\/figure><\/li><\/ul><\/figure>\n\n\n\n<p>Par la suite, les enfants ont la possibilit\u00e9 de d\u00e9couvrir les oeuvres de Ren\u00e9 Magritte gr\u00e2ce \u00e0 diff\u00e9rents sens.<\/p>\n\n\n\n<h2 class=\"has-vivid-cyan-blue-color has-text-color wp-block-heading\">La vue : Cherche et trouve<\/h2>\n\n\n\n<p>Les enfants ont plusieurs photos d&rsquo;oeuvres de Ren\u00e9 Magritte devant eux. Ils ont chacun une bandelette avec des \u00e9l\u00e9ments des oeuvres \u00e0 retrouver.<\/p>\n\n\n\n<p>Ensuite ils ont une bandelette avec des couleurs pr\u00e9sentes dans les oeuvres \u00e0 retrouver.  Les enfants ont des bandelettes de 3 ou 6 \u00e9l\u00e9ments.<\/p>\n\n\n\n<div class=\"wp-block-image is-style-rounded\"><figure class=\"aligncenter size-large\"><img loading=\"lazy\" decoding=\"async\" width=\"768\" height=\"1024\" src=\"https:\/\/1institalastation.be\/wp-content\/uploads\/2021\/01\/IMG_3940-768x1024.jpg\" alt=\"\" class=\"wp-image-3928\" srcset=\"https:\/\/1institalastation.be\/wp-content\/uploads\/2021\/01\/IMG_3940-768x1024.jpg 768w, https:\/\/1institalastation.be\/wp-content\/uploads\/2021\/01\/IMG_3940-225x300.jpg 225w, https:\/\/1institalastation.be\/wp-content\/uploads\/2021\/01\/IMG_3940-1152x1536.jpg 1152w, https:\/\/1institalastation.be\/wp-content\/uploads\/2021\/01\/IMG_3940-1536x2048.jpg 1536w, https:\/\/1institalastation.be\/wp-content\/uploads\/2021\/01\/IMG_3940-1200x1600.jpg 1200w, https:\/\/1institalastation.be\/wp-content\/uploads\/2021\/01\/IMG_3940.jpg 1575w\" sizes=\"auto, (max-width: 768px) 100vw, 768px\" \/><\/figure><\/div>\n\n\n\n<p>Les enfants ont a leur disposition un cache qui permet de cacher une grosse partie de l&rsquo;oeuvre et se concentrer sur les petits \u00e9l\u00e9ments.<\/p>\n\n\n\n<div class=\"wp-block-image is-style-rounded\"><figure class=\"aligncenter size-full\"><img loading=\"lazy\" decoding=\"async\" width=\"1575\" height=\"2100\" src=\"https:\/\/1institalastation.be\/wp-content\/uploads\/2021\/01\/IMG_3946.jpg\" alt=\"\" class=\"wp-image-3929\" srcset=\"https:\/\/1institalastation.be\/wp-content\/uploads\/2021\/01\/IMG_3946.jpg 1575w, https:\/\/1institalastation.be\/wp-content\/uploads\/2021\/01\/IMG_3946-225x300.jpg 225w, https:\/\/1institalastation.be\/wp-content\/uploads\/2021\/01\/IMG_3946-768x1024.jpg 768w, https:\/\/1institalastation.be\/wp-content\/uploads\/2021\/01\/IMG_3946-1152x1536.jpg 1152w, https:\/\/1institalastation.be\/wp-content\/uploads\/2021\/01\/IMG_3946-1536x2048.jpg 1536w, https:\/\/1institalastation.be\/wp-content\/uploads\/2021\/01\/IMG_3946-1200x1600.jpg 1200w\" sizes=\"auto, (max-width: 1575px) 100vw, 1575px\" \/><\/figure><\/div>\n\n\n\n<div class=\"wp-block-file\"><a href=\"https:\/\/1institalastation.be\/wp-content\/uploads\/2021\/01\/Oeuvres-de-Magritte.pdf\"><span class=\"has-inline-color has-vivid-purple-color\">Oeuvres-de-Magritte<\/span><\/a><a href=\"https:\/\/1institalastation.be\/wp-content\/uploads\/2021\/01\/Oeuvres-de-Magritte.pdf\" class=\"wp-block-file__button\" download>T\u00e9l\u00e9charger<\/a><\/div>\n\n\n\n<div class=\"wp-block-file\"><a href=\"https:\/\/1institalastation.be\/wp-content\/uploads\/2021\/01\/Bandelette-vue.pdf\"><span class=\"has-inline-color has-vivid-purple-color\">Bandelette-vue<\/span><\/a><a href=\"https:\/\/1institalastation.be\/wp-content\/uploads\/2021\/01\/Bandelette-vue.pdf\" class=\"wp-block-file__button\" download>T\u00e9l\u00e9charger<\/a><\/div>\n\n\n\n<p>Les couleurs des oeuvres sont \u00e0 plier afin que la r\u00e9ponse soit \u00e0 l&rsquo;arri\u00e8re de la couleur&#8230;<\/p>\n\n\n\n<div class=\"wp-block-file\"><a href=\"https:\/\/1institalastation.be\/wp-content\/uploads\/2021\/01\/Couleurs-des-oeuvres.pdf\"><span class=\"has-inline-color has-vivid-purple-color\">Couleurs-des-oeuvres<\/span><\/a><a href=\"https:\/\/1institalastation.be\/wp-content\/uploads\/2021\/01\/Couleurs-des-oeuvres.pdf\" class=\"wp-block-file__button\" download>T\u00e9l\u00e9charger<\/a><\/div>\n\n\n\n<div class=\"wp-block-file\"><a href=\"https:\/\/1institalastation.be\/wp-content\/uploads\/2021\/01\/elements-vue-cache.pdf\"><span class=\"has-inline-color has-vivid-purple-color\">elements-vue-cache<\/span><\/a><a href=\"https:\/\/1institalastation.be\/wp-content\/uploads\/2021\/01\/elements-vue-cache.pdf\" class=\"wp-block-file__button\" download>T\u00e9l\u00e9charger<\/a><\/div>\n\n\n\n<figure class=\"wp-block-embed is-type-video is-provider-vimeo wp-block-embed-vimeo wp-embed-aspect-9-16 wp-has-aspect-ratio\"><div class=\"wp-block-embed__wrapper\">\n<iframe loading=\"lazy\" title=\"Ren&amp;eacute; Magritte\" src=\"https:\/\/player.vimeo.com\/video\/500618080?dnt=1&amp;app_id=122963\" width=\"563\" height=\"1000\" frameborder=\"0\" allow=\"autoplay; fullscreen; picture-in-picture\" allowfullscreen><\/iframe>\n<\/div><\/figure>\n\n\n\n<h2 class=\"has-vivid-cyan-blue-color has-text-color wp-block-heading\">Le toucher : Boite myst\u00e8re<\/h2>\n\n\n\n<p>L&rsquo;enfant doit \u00e0 l&rsquo;aveugle toucher des objets dans une boite. Ces objets font r\u00e9f\u00e9rence \u00e0 des \u00e9l\u00e9ments pr\u00e9sent dans les tableaux : pomme, pipe, chapeau melon,&#8230;.Ensuite il retrouve l&rsquo;oeuvre qui correspond \u00e0 l&rsquo;objet d\u00e9couvert.<\/p>\n\n\n\n<div class=\"wp-block-image is-style-rounded\"><figure class=\"aligncenter size-large\"><img loading=\"lazy\" decoding=\"async\" width=\"768\" height=\"1024\" src=\"https:\/\/1institalastation.be\/wp-content\/uploads\/2021\/01\/IMG_3904-768x1024.jpg\" alt=\"\" class=\"wp-image-3934\" srcset=\"https:\/\/1institalastation.be\/wp-content\/uploads\/2021\/01\/IMG_3904-768x1024.jpg 768w, https:\/\/1institalastation.be\/wp-content\/uploads\/2021\/01\/IMG_3904-225x300.jpg 225w, https:\/\/1institalastation.be\/wp-content\/uploads\/2021\/01\/IMG_3904-1152x1536.jpg 1152w, https:\/\/1institalastation.be\/wp-content\/uploads\/2021\/01\/IMG_3904-1536x2048.jpg 1536w, https:\/\/1institalastation.be\/wp-content\/uploads\/2021\/01\/IMG_3904-1200x1600.jpg 1200w, https:\/\/1institalastation.be\/wp-content\/uploads\/2021\/01\/IMG_3904.jpg 1575w\" sizes=\"auto, (max-width: 768px) 100vw, 768px\" \/><\/figure><\/div>\n\n\n\n<h2 class=\"has-vivid-cyan-blue-color has-text-color wp-block-heading\">L&rsquo;ouie:<\/h2>\n\n\n\n<p>L&rsquo;enseignante raconte le r\u00e9cit d&rsquo;une oeuvre. L&rsquo;enfant doit retrouver l&rsquo;oeuvre qui correspond \u00e0 la description.<\/p>\n\n\n\n<div class=\"wp-block-file\"><a href=\"https:\/\/1institalastation.be\/wp-content\/uploads\/2021\/01\/Ouie-texte-je-vois.pdf\"><span class=\"has-inline-color has-vivid-purple-color\">Ouie-texte-je-vois<\/span><\/a><a href=\"https:\/\/1institalastation.be\/wp-content\/uploads\/2021\/01\/Ouie-texte-je-vois.pdf\" class=\"wp-block-file__button\" download>T\u00e9l\u00e9charger<\/a><\/div>\n\n\n\n<iframe style=\"width:120px;height:240px;\" marginwidth=\"0\" marginheight=\"0\" scrolling=\"no\" frameborder=\"0\" src=\"\/\/ws-eu.amazon-adsystem.com\/widgets\/q?ServiceVersion=20070822&amp;OneJS=1&amp;Operation=GetAdHtml&amp;MarketPlace=FR&amp;source=ss&amp;ref=as_ss_li_til&amp;ad_type=product_link&amp;tracking_id=1institalasta-21&amp;language=fr_FR&amp;marketplace=amazon&amp;region=FR&amp;placement=2408014085&amp;asins=2408014085&amp;linkId=64c9e6e229176c4f30712daa1c3e09b4&amp;show_border=true&amp;link_opens_in_new_window=true\"><\/iframe>\n<iframe style=\"width:120px;height:240px;\" marginwidth=\"0\" marginheight=\"0\" scrolling=\"no\" frameborder=\"0\" src=\"\/\/ws-eu.amazon-adsystem.com\/widgets\/q?ServiceVersion=20070822&amp;OneJS=1&amp;Operation=GetAdHtml&amp;MarketPlace=FR&amp;source=ss&amp;ref=as_ss_li_til&amp;ad_type=product_link&amp;tracking_id=1institalasta-21&amp;language=fr_FR&amp;marketplace=amazon&amp;region=FR&amp;placement=2877672131&amp;asins=2877672131&amp;linkId=be43835da2344dc5495500de2e3d5547&amp;show_border=true&amp;link_opens_in_new_window=true\"><\/iframe>\n","protected":false},"excerpt":{"rendered":"<p>Je vous partage la s\u00e9quence des 5 sens autour de Ren\u00e9 Magritte que ma Stagiaire a r\u00e9alis\u00e9 cette semaine. La s\u00e9quence commence par un moment de contagion: la lecture de l\u2019album \u00ab&nbsp;Marcel le r\u00eaveur&nbsp;\u00bb d\u2019Anthony Browne qui comprend des oeuvres de Ren\u00e9 Magritte dans son album. Ensuite, la lecture du petit doc \u00ab\u00a0Ren\u00e9 Margitte\u00a0\u00bb. Par la suite, les enfants ont la possibilit\u00e9 de d\u00e9couvrir les oeuvres de Ren\u00e9 Magritte gr\u00e2ce \u00e0 diff\u00e9rents sens. La vue : Cherche et trouve Les enfants ont plusieurs photos d&rsquo;oeuvres de Ren\u00e9 Magritte devant eux. Ils ont chacun une bandelette avec des \u00e9l\u00e9ments des oeuvres \u00e0 retrouver. Ensuite ils ont une bandelette avec des couleurs pr\u00e9sentes dans les oeuvres \u00e0 retrouver. Les enfants ont des bandelettes de 3 ou 6 \u00e9l\u00e9ments. Les enfants ont a leur disposition un cache qui permet de cacher une grosse partie de l&rsquo;oeuvre et se concentrer sur les petits \u00e9l\u00e9ments. Les couleurs des oeuvres sont \u00e0 plier afin que la r\u00e9ponse soit \u00e0 l&rsquo;arri\u00e8re de la couleur&#8230; Le toucher : Boite myst\u00e8re L&rsquo;enfant doit \u00e0 l&rsquo;aveugle toucher des objets dans une boite. Ces objets font r\u00e9f\u00e9rence \u00e0 des \u00e9l\u00e9ments pr\u00e9sent dans les tableaux : pomme, pipe, chapeau melon,&#8230;.Ensuite il retrouve l&rsquo;oeuvre qui correspond \u00e0 l&rsquo;objet d\u00e9couvert. L&rsquo;ouie: L&rsquo;enseignante raconte le r\u00e9cit d&rsquo;une oeuvre. L&rsquo;enfant doit retrouver l&rsquo;oeuvre qui correspond \u00e0 la description.<\/p>\n","protected":false},"author":1,"featured_media":3928,"comment_status":"open","ping_status":"open","sticky":false,"template":"","format":"standard","meta":{"footnotes":""},"categories":[47,23],"tags":[555,282,554],"class_list":["post-3927","post","type-post","status-publish","format-standard","has-post-thumbnail","hentry","category-arts-visuels","category-eveil","tag-5sens","tag-peintre","tag-rene-magritte"],"acf":[],"_links":{"self":[{"href":"https:\/\/1institalastation.be\/index.php?rest_route=\/wp\/v2\/posts\/3927","targetHints":{"allow":["GET"]}}],"collection":[{"href":"https:\/\/1institalastation.be\/index.php?rest_route=\/wp\/v2\/posts"}],"about":[{"href":"https:\/\/1institalastation.be\/index.php?rest_route=\/wp\/v2\/types\/post"}],"author":[{"embeddable":true,"href":"https:\/\/1institalastation.be\/index.php?rest_route=\/wp\/v2\/users\/1"}],"replies":[{"embeddable":true,"href":"https:\/\/1institalastation.be\/index.php?rest_route=%2Fwp%2Fv2%2Fcomments&post=3927"}],"version-history":[{"count":0,"href":"https:\/\/1institalastation.be\/index.php?rest_route=\/wp\/v2\/posts\/3927\/revisions"}],"wp:featuredmedia":[{"embeddable":true,"href":"https:\/\/1institalastation.be\/index.php?rest_route=\/wp\/v2\/media\/3928"}],"wp:attachment":[{"href":"https:\/\/1institalastation.be\/index.php?rest_route=%2Fwp%2Fv2%2Fmedia&parent=3927"}],"wp:term":[{"taxonomy":"category","embeddable":true,"href":"https:\/\/1institalastation.be\/index.php?rest_route=%2Fwp%2Fv2%2Fcategories&post=3927"},{"taxonomy":"post_tag","embeddable":true,"href":"https:\/\/1institalastation.be\/index.php?rest_route=%2Fwp%2Fv2%2Ftags&post=3927"}],"curies":[{"name":"wp","href":"https:\/\/api.w.org\/{rel}","templated":true}]}}