{"id":3666,"date":"2020-11-19T22:34:31","date_gmt":"2020-11-19T22:34:31","guid":{"rendered":"https:\/\/1institalastation.be\/?p=3666"},"modified":"2020-11-19T22:37:05","modified_gmt":"2020-11-19T22:37:05","slug":"%f0%9f%93%85-compte-a-rebours-%f0%9f%93%85","status":"publish","type":"post","link":"https:\/\/1institalastation.be\/?p=3666","title":{"rendered":"\ud83d\udcc5 Compte \u00e0 rebours \ud83d\udcc5"},"content":{"rendered":"\n<p>C\u2019est parti pour le compte \u00e0 rebours pour la Saint-Nicolas&#8230;. 21 jours avant la venue du grand Saint&#8230;.\u00a0<br>MAIS il y aussi No\u00ebl bient\u00f4t&#8230; Du coup un mat\u00e9riel pour 2 comptes \u00e0 rebours&#8230; D\u2019un c\u00f4t\u00e9 Saint-Nicolas et de l\u2019autre No\u00ebl&#8230; Celui de No\u00ebl commencera le 1er D\u00e9cembre&#8230;.<\/p>\n\n\n\n<p>Quand j&rsquo;ai mis le compte \u00e0 rebours en route en classe, les enfants ont d\u00e9cor\u00e9 l&rsquo;arriv\u00e9e&#8230; Ils ont r\u00e9alis\u00e9 des cadeaux et des bonbons&#8230;<\/p>\n\n\n\n<div class=\"wp-block-image\"><figure class=\"aligncenter size-large\"><img loading=\"lazy\" decoding=\"async\" width=\"383\" height=\"437\" src=\"https:\/\/1institalastation.be\/wp-content\/uploads\/2020\/11\/Capture-decran-2020-11-19-a-23.32.14.png\" alt=\"\" class=\"wp-image-3668\" srcset=\"https:\/\/1institalastation.be\/wp-content\/uploads\/2020\/11\/Capture-decran-2020-11-19-a-23.32.14.png 383w, https:\/\/1institalastation.be\/wp-content\/uploads\/2020\/11\/Capture-decran-2020-11-19-a-23.32.14-263x300.png 263w\" sizes=\"auto, (max-width: 383px) 100vw, 383px\" \/><\/figure><\/div>\n\n\n\n<p>J\u2019ai r\u00e9alis\u00e9 ce compte \u00e0 rebours \u00e0 l\u2019aide de ma scie \u00e0 chantourner\u00a0einhell et de ma\u00a0dremel\u00a0&#8230;J\u2019ai r\u00e9alis\u00e9 les pochoirs des chiffres avec la\u00a0silhouette&#8230;Ensuite j\u2019ai colori\u00e9 gr\u00e2ce aux\u00a0posca.<br>Je me suis inspir\u00e9 de\u00a0<a href=\"https:\/\/www.instagram.com\/jaimecostiglio\/\">@jaimecostiglio<\/a>et de son calendrier de l\u2019Avent&#8230;<\/p>\n\n\n\n<div class=\"wp-block-image\"><figure class=\"aligncenter size-large\"><img loading=\"lazy\" decoding=\"async\" width=\"326\" height=\"515\" src=\"https:\/\/1institalastation.be\/wp-content\/uploads\/2020\/11\/Capture-decran-2020-11-19-a-23.32.02.png\" alt=\"\" class=\"wp-image-3669\" srcset=\"https:\/\/1institalastation.be\/wp-content\/uploads\/2020\/11\/Capture-decran-2020-11-19-a-23.32.02.png 326w, https:\/\/1institalastation.be\/wp-content\/uploads\/2020\/11\/Capture-decran-2020-11-19-a-23.32.02-190x300.png 190w\" sizes=\"auto, (max-width: 326px) 100vw, 326px\" \/><\/figure><\/div>\n","protected":false},"excerpt":{"rendered":"<p>C\u2019est parti pour le compte \u00e0 rebours pour la Saint-Nicolas&#8230;. 21 jours avant la venue du grand Saint&#8230;.\u00a0MAIS il y aussi No\u00ebl bient\u00f4t&#8230; Du coup un mat\u00e9riel pour 2 comptes \u00e0 rebours&#8230; D\u2019un c\u00f4t\u00e9 Saint-Nicolas et de l\u2019autre No\u00ebl&#8230; Celui de No\u00ebl commencera le 1er D\u00e9cembre&#8230;. Quand j&rsquo;ai mis le compte \u00e0 rebours en route en classe, les enfants ont d\u00e9cor\u00e9 l&rsquo;arriv\u00e9e&#8230; Ils ont r\u00e9alis\u00e9 des cadeaux et des bonbons&#8230; J\u2019ai r\u00e9alis\u00e9 ce compte \u00e0 rebours \u00e0 l\u2019aide de ma scie \u00e0 chantourner\u00a0einhell et de ma\u00a0dremel\u00a0&#8230;J\u2019ai r\u00e9alis\u00e9 les pochoirs des chiffres avec la\u00a0silhouette&#8230;Ensuite j\u2019ai colori\u00e9 gr\u00e2ce aux\u00a0posca.Je me suis inspir\u00e9 de\u00a0@jaimecostiglioet de son calendrier de l\u2019Avent&#8230;<\/p>\n","protected":false},"author":1,"featured_media":3667,"comment_status":"open","ping_status":"open","sticky":false,"template":"","format":"standard","meta":{"footnotes":""},"categories":[45],"tags":[514,158],"class_list":["post-3666","post","type-post","status-publish","format-standard","has-post-thumbnail","hentry","category-saint-nicolas","tag-compte-a-rebours","tag-saint-nicolas"],"acf":[],"_links":{"self":[{"href":"https:\/\/1institalastation.be\/index.php?rest_route=\/wp\/v2\/posts\/3666","targetHints":{"allow":["GET"]}}],"collection":[{"href":"https:\/\/1institalastation.be\/index.php?rest_route=\/wp\/v2\/posts"}],"about":[{"href":"https:\/\/1institalastation.be\/index.php?rest_route=\/wp\/v2\/types\/post"}],"author":[{"embeddable":true,"href":"https:\/\/1institalastation.be\/index.php?rest_route=\/wp\/v2\/users\/1"}],"replies":[{"embeddable":true,"href":"https:\/\/1institalastation.be\/index.php?rest_route=%2Fwp%2Fv2%2Fcomments&post=3666"}],"version-history":[{"count":0,"href":"https:\/\/1institalastation.be\/index.php?rest_route=\/wp\/v2\/posts\/3666\/revisions"}],"wp:featuredmedia":[{"embeddable":true,"href":"https:\/\/1institalastation.be\/index.php?rest_route=\/wp\/v2\/media\/3667"}],"wp:attachment":[{"href":"https:\/\/1institalastation.be\/index.php?rest_route=%2Fwp%2Fv2%2Fmedia&parent=3666"}],"wp:term":[{"taxonomy":"category","embeddable":true,"href":"https:\/\/1institalastation.be\/index.php?rest_route=%2Fwp%2Fv2%2Fcategories&post=3666"},{"taxonomy":"post_tag","embeddable":true,"href":"https:\/\/1institalastation.be\/index.php?rest_route=%2Fwp%2Fv2%2Ftags&post=3666"}],"curies":[{"name":"wp","href":"https:\/\/api.w.org\/{rel}","templated":true}]}}