{"id":2954,"date":"2020-07-25T16:19:55","date_gmt":"2020-07-25T16:19:55","guid":{"rendered":"https:\/\/1institalastation.be\/?p=2954"},"modified":"2020-09-13T09:29:01","modified_gmt":"2020-09-13T09:29:01","slug":"mon-cahier-de-graphisme-2","status":"publish","type":"post","link":"https:\/\/1institalastation.be\/?p=2954","title":{"rendered":"Mon cahier de graphisme 2"},"content":{"rendered":"\n<p>J&rsquo;ai mis en place l&rsquo;ann\u00e9e pass\u00e9e<a href=\"https:\/\/1institalastation.be\/\ud83d\udd8d-mon-cahier-de-graphisme-\ud83d\udd8d\" target=\"_blank\" rel=\"noreferrer noopener\"> un cahier de graphisme<\/a> en autonomie&#8230; Cette ann\u00e9e je l&rsquo;ai am\u00e9lior\u00e9 afin que les enfants puissent avoir assez de ressources pour pouvoir l&rsquo;utiliser en autonomie et selon leur rythme&#8230;<\/p>\n\n\n\n<p>Le cahier de graphisme comprend :<\/p>\n\n\n\n<p>-Des oeuvres ou des photos de la vie de tous les jours qui vont induire le graphisme chez l&rsquo;enfant&#8230; Il va &nbsp;pouvoir rep\u00e9rer les formes, les lignes et les motifs pour ensuite compl\u00e9ter sa feuille.<\/p>\n\n\n\n<figure class=\"wp-block-gallery columns-3 is-cropped wp-block-gallery-1 is-layout-flex wp-block-gallery-is-layout-flex\"><ul class=\"blocks-gallery-grid\"><li class=\"blocks-gallery-item\"><figure><img loading=\"lazy\" decoding=\"async\" width=\"1024\" height=\"1024\" src=\"https:\/\/1institalastation.be\/wp-content\/uploads\/2020\/07\/IMG_4714-1024x1024.jpg\" alt=\"\" data-id=\"2955\" data-full-url=\"https:\/\/1institalastation.be\/wp-content\/uploads\/2020\/07\/IMG_4714-scaled.jpg\" data-link=\"https:\/\/1institalastation.be\/?attachment_id=2955\" class=\"wp-image-2955\" srcset=\"https:\/\/1institalastation.be\/wp-content\/uploads\/2020\/07\/IMG_4714-1024x1024.jpg 1024w, https:\/\/1institalastation.be\/wp-content\/uploads\/2020\/07\/IMG_4714-300x300.jpg 300w, https:\/\/1institalastation.be\/wp-content\/uploads\/2020\/07\/IMG_4714-150x150.jpg 150w, https:\/\/1institalastation.be\/wp-content\/uploads\/2020\/07\/IMG_4714-768x768.jpg 768w, https:\/\/1institalastation.be\/wp-content\/uploads\/2020\/07\/IMG_4714-1536x1536.jpg 1536w, https:\/\/1institalastation.be\/wp-content\/uploads\/2020\/07\/IMG_4714-2048x2048.jpg 2048w, https:\/\/1institalastation.be\/wp-content\/uploads\/2020\/07\/IMG_4714-1000x1000.jpg 1000w, https:\/\/1institalastation.be\/wp-content\/uploads\/2020\/07\/IMG_4714-75x75.jpg 75w\" sizes=\"auto, (max-width: 1024px) 100vw, 1024px\" \/><\/figure><\/li><li class=\"blocks-gallery-item\"><figure><img loading=\"lazy\" decoding=\"async\" width=\"1024\" height=\"1024\" src=\"https:\/\/1institalastation.be\/wp-content\/uploads\/2020\/07\/IMG_4715-1024x1024.jpg\" alt=\"\" data-id=\"2956\" data-full-url=\"https:\/\/1institalastation.be\/wp-content\/uploads\/2020\/07\/IMG_4715-scaled.jpg\" data-link=\"https:\/\/1institalastation.be\/?attachment_id=2956\" class=\"wp-image-2956\" srcset=\"https:\/\/1institalastation.be\/wp-content\/uploads\/2020\/07\/IMG_4715-1024x1024.jpg 1024w, https:\/\/1institalastation.be\/wp-content\/uploads\/2020\/07\/IMG_4715-300x300.jpg 300w, https:\/\/1institalastation.be\/wp-content\/uploads\/2020\/07\/IMG_4715-150x150.jpg 150w, https:\/\/1institalastation.be\/wp-content\/uploads\/2020\/07\/IMG_4715-768x768.jpg 768w, https:\/\/1institalastation.be\/wp-content\/uploads\/2020\/07\/IMG_4715-1536x1536.jpg 1536w, https:\/\/1institalastation.be\/wp-content\/uploads\/2020\/07\/IMG_4715-2048x2048.jpg 2048w, https:\/\/1institalastation.be\/wp-content\/uploads\/2020\/07\/IMG_4715-1000x1000.jpg 1000w, https:\/\/1institalastation.be\/wp-content\/uploads\/2020\/07\/IMG_4715-75x75.jpg 75w\" sizes=\"auto, (max-width: 1024px) 100vw, 1024px\" \/><\/figure><\/li><li class=\"blocks-gallery-item\"><figure><img loading=\"lazy\" decoding=\"async\" width=\"1024\" height=\"1024\" src=\"https:\/\/1institalastation.be\/wp-content\/uploads\/2020\/07\/IMG_4716-1024x1024.jpg\" alt=\"\" data-id=\"2957\" data-full-url=\"https:\/\/1institalastation.be\/wp-content\/uploads\/2020\/07\/IMG_4716-scaled.jpg\" data-link=\"https:\/\/1institalastation.be\/?attachment_id=2957\" class=\"wp-image-2957\" srcset=\"https:\/\/1institalastation.be\/wp-content\/uploads\/2020\/07\/IMG_4716-1024x1024.jpg 1024w, https:\/\/1institalastation.be\/wp-content\/uploads\/2020\/07\/IMG_4716-300x300.jpg 300w, https:\/\/1institalastation.be\/wp-content\/uploads\/2020\/07\/IMG_4716-150x150.jpg 150w, https:\/\/1institalastation.be\/wp-content\/uploads\/2020\/07\/IMG_4716-768x768.jpg 768w, https:\/\/1institalastation.be\/wp-content\/uploads\/2020\/07\/IMG_4716-1536x1536.jpg 1536w, https:\/\/1institalastation.be\/wp-content\/uploads\/2020\/07\/IMG_4716-2048x2048.jpg 2048w, https:\/\/1institalastation.be\/wp-content\/uploads\/2020\/07\/IMG_4716-1000x1000.jpg 1000w, https:\/\/1institalastation.be\/wp-content\/uploads\/2020\/07\/IMG_4716-75x75.jpg 75w\" sizes=\"auto, (max-width: 1024px) 100vw, 1024px\" \/><\/figure><\/li><\/ul><\/figure>\n\n\n\n<figure class=\"wp-block-gallery columns-2 is-cropped wp-block-gallery-2 is-layout-flex wp-block-gallery-is-layout-flex\"><ul class=\"blocks-gallery-grid\"><li class=\"blocks-gallery-item\"><figure><img loading=\"lazy\" decoding=\"async\" width=\"1024\" height=\"1024\" src=\"https:\/\/1institalastation.be\/wp-content\/uploads\/2020\/07\/IMG_4718-1024x1024.jpg\" alt=\"\" data-id=\"2963\" data-full-url=\"https:\/\/1institalastation.be\/wp-content\/uploads\/2020\/07\/IMG_4718-scaled.jpg\" data-link=\"https:\/\/1institalastation.be\/?attachment_id=2963\" class=\"wp-image-2963\" srcset=\"https:\/\/1institalastation.be\/wp-content\/uploads\/2020\/07\/IMG_4718-1024x1024.jpg 1024w, https:\/\/1institalastation.be\/wp-content\/uploads\/2020\/07\/IMG_4718-300x300.jpg 300w, https:\/\/1institalastation.be\/wp-content\/uploads\/2020\/07\/IMG_4718-150x150.jpg 150w, https:\/\/1institalastation.be\/wp-content\/uploads\/2020\/07\/IMG_4718-768x768.jpg 768w, https:\/\/1institalastation.be\/wp-content\/uploads\/2020\/07\/IMG_4718-1536x1536.jpg 1536w, https:\/\/1institalastation.be\/wp-content\/uploads\/2020\/07\/IMG_4718-2048x2048.jpg 2048w, https:\/\/1institalastation.be\/wp-content\/uploads\/2020\/07\/IMG_4718-1000x1000.jpg 1000w, https:\/\/1institalastation.be\/wp-content\/uploads\/2020\/07\/IMG_4718-75x75.jpg 75w\" sizes=\"auto, (max-width: 1024px) 100vw, 1024px\" \/><\/figure><\/li><li class=\"blocks-gallery-item\"><figure><img loading=\"lazy\" decoding=\"async\" width=\"1024\" height=\"1024\" src=\"https:\/\/1institalastation.be\/wp-content\/uploads\/2020\/07\/IMG_4717-1024x1024.jpg\" alt=\"\" data-id=\"2965\" data-full-url=\"https:\/\/1institalastation.be\/wp-content\/uploads\/2020\/07\/IMG_4717-scaled.jpg\" data-link=\"https:\/\/1institalastation.be\/?attachment_id=2965\" class=\"wp-image-2965\" srcset=\"https:\/\/1institalastation.be\/wp-content\/uploads\/2020\/07\/IMG_4717-1024x1024.jpg 1024w, https:\/\/1institalastation.be\/wp-content\/uploads\/2020\/07\/IMG_4717-300x300.jpg 300w, https:\/\/1institalastation.be\/wp-content\/uploads\/2020\/07\/IMG_4717-150x150.jpg 150w, https:\/\/1institalastation.be\/wp-content\/uploads\/2020\/07\/IMG_4717-768x768.jpg 768w, https:\/\/1institalastation.be\/wp-content\/uploads\/2020\/07\/IMG_4717-1536x1536.jpg 1536w, https:\/\/1institalastation.be\/wp-content\/uploads\/2020\/07\/IMG_4717-2048x2048.jpg 2048w, https:\/\/1institalastation.be\/wp-content\/uploads\/2020\/07\/IMG_4717-1000x1000.jpg 1000w, https:\/\/1institalastation.be\/wp-content\/uploads\/2020\/07\/IMG_4717-75x75.jpg 75w\" sizes=\"auto, (max-width: 1024px) 100vw, 1024px\" \/><\/figure><\/li><\/ul><\/figure>\n\n\n\n<p>-Des feuilles lign\u00e9es o\u00f9 ils pourront r\u00e9aliser les graphismes \u00e0 l&rsquo;aide des r\u00e9f\u00e9rentiels disponibles en classe ou de mon exemple&#8230;<\/p>\n\n\n\n<figure class=\"wp-block-gallery columns-3 is-cropped wp-block-gallery-3 is-layout-flex wp-block-gallery-is-layout-flex\"><ul class=\"blocks-gallery-grid\"><li class=\"blocks-gallery-item\"><figure><img loading=\"lazy\" decoding=\"async\" width=\"1024\" height=\"1024\" src=\"https:\/\/1institalastation.be\/wp-content\/uploads\/2020\/07\/IMG_4719-1024x1024.jpg\" alt=\"\" data-id=\"2958\" data-link=\"https:\/\/1institalastation.be\/?attachment_id=2958\" class=\"wp-image-2958\" srcset=\"https:\/\/1institalastation.be\/wp-content\/uploads\/2020\/07\/IMG_4719-1024x1024.jpg 1024w, https:\/\/1institalastation.be\/wp-content\/uploads\/2020\/07\/IMG_4719-300x300.jpg 300w, https:\/\/1institalastation.be\/wp-content\/uploads\/2020\/07\/IMG_4719-150x150.jpg 150w, https:\/\/1institalastation.be\/wp-content\/uploads\/2020\/07\/IMG_4719-768x768.jpg 768w, https:\/\/1institalastation.be\/wp-content\/uploads\/2020\/07\/IMG_4719-1536x1536.jpg 1536w, https:\/\/1institalastation.be\/wp-content\/uploads\/2020\/07\/IMG_4719-2048x2048.jpg 2048w, https:\/\/1institalastation.be\/wp-content\/uploads\/2020\/07\/IMG_4719-1000x1000.jpg 1000w, https:\/\/1institalastation.be\/wp-content\/uploads\/2020\/07\/IMG_4719-75x75.jpg 75w\" sizes=\"auto, (max-width: 1024px) 100vw, 1024px\" \/><\/figure><\/li><li class=\"blocks-gallery-item\"><figure><img loading=\"lazy\" decoding=\"async\" width=\"1024\" height=\"1024\" src=\"https:\/\/1institalastation.be\/wp-content\/uploads\/2020\/07\/IMG_4723-1024x1024.jpg\" alt=\"\" data-id=\"2960\" data-link=\"https:\/\/1institalastation.be\/?attachment_id=2960\" class=\"wp-image-2960\" srcset=\"https:\/\/1institalastation.be\/wp-content\/uploads\/2020\/07\/IMG_4723-1024x1024.jpg 1024w, https:\/\/1institalastation.be\/wp-content\/uploads\/2020\/07\/IMG_4723-300x300.jpg 300w, https:\/\/1institalastation.be\/wp-content\/uploads\/2020\/07\/IMG_4723-150x150.jpg 150w, https:\/\/1institalastation.be\/wp-content\/uploads\/2020\/07\/IMG_4723-768x768.jpg 768w, https:\/\/1institalastation.be\/wp-content\/uploads\/2020\/07\/IMG_4723-1536x1536.jpg 1536w, https:\/\/1institalastation.be\/wp-content\/uploads\/2020\/07\/IMG_4723-2048x2048.jpg 2048w, https:\/\/1institalastation.be\/wp-content\/uploads\/2020\/07\/IMG_4723-1000x1000.jpg 1000w, https:\/\/1institalastation.be\/wp-content\/uploads\/2020\/07\/IMG_4723-75x75.jpg 75w\" sizes=\"auto, (max-width: 1024px) 100vw, 1024px\" \/><\/figure><\/li><li class=\"blocks-gallery-item\"><figure><img loading=\"lazy\" decoding=\"async\" width=\"1024\" height=\"1024\" src=\"https:\/\/1institalastation.be\/wp-content\/uploads\/2020\/07\/IMG_4721-1-1024x1024.jpg\" alt=\"\" data-id=\"2962\" data-full-url=\"https:\/\/1institalastation.be\/wp-content\/uploads\/2020\/07\/IMG_4721-1-scaled.jpg\" data-link=\"https:\/\/1institalastation.be\/?attachment_id=2962\" class=\"wp-image-2962\" srcset=\"https:\/\/1institalastation.be\/wp-content\/uploads\/2020\/07\/IMG_4721-1-1024x1024.jpg 1024w, https:\/\/1institalastation.be\/wp-content\/uploads\/2020\/07\/IMG_4721-1-300x300.jpg 300w, https:\/\/1institalastation.be\/wp-content\/uploads\/2020\/07\/IMG_4721-1-150x150.jpg 150w, https:\/\/1institalastation.be\/wp-content\/uploads\/2020\/07\/IMG_4721-1-768x768.jpg 768w, https:\/\/1institalastation.be\/wp-content\/uploads\/2020\/07\/IMG_4721-1-1536x1536.jpg 1536w, https:\/\/1institalastation.be\/wp-content\/uploads\/2020\/07\/IMG_4721-1-2048x2048.jpg 2048w, https:\/\/1institalastation.be\/wp-content\/uploads\/2020\/07\/IMG_4721-1-1000x1000.jpg 1000w, https:\/\/1institalastation.be\/wp-content\/uploads\/2020\/07\/IMG_4721-1-75x75.jpg 75w\" sizes=\"auto, (max-width: 1024px) 100vw, 1024px\" \/><\/figure><\/li><\/ul><\/figure>\n\n\n\n<p><span style=\"color:#00d084\" class=\"tadv-color\">Pourquoi avoir choisi cette fa\u00e7on de faire?<\/span><\/p>\n\n\n\n<p>\u27a1\ufe0fUtilisant la m\u00e9thode Dumont en pr\u00e9 \u00e9criture, je ne fais que du graphisme dans l\u2019art visuel.. Et je trouvais que les enfants n\u2019avaient pas assez d\u2019entra\u00eenement de graphisme\u2026<br>\u27a1\ufe0f Chaque enfant \u00e9volue \u00e0 son rythme<br>\u27a1\ufe0f C\u2019est assez ludique car ils ont une page avec des autocollants o\u00f9 j\u2019int\u00e8gre un graphisme avec.. ils adorent..&nbsp;<\/p>\n\n\n\n<p>Voici le cahier \u00e0 t\u00e9l\u00e9charger\u2026 J\u2019ai imprim\u00e9 les cahiers en A5 mais le fichier est en A4, il faut donc mettre l&rsquo;option 2 feuilles sur 1 au moment de l&rsquo;impression&#8230;<\/p>\n\n\n\n<div class=\"wp-block-file\"><a href=\"https:\/\/1institalastation.be\/wp-content\/uploads\/2020\/07\/Mon-cahier-de-graphisme.pdf\"><span style=\"background-color:#000000\" class=\"tadv-background-color\"><span style=\"color:#8ed1fc\" class=\"tadv-color\">Mon-cahier-de-graphisme format A4<\/span><\/span><\/a><a href=\"https:\/\/1institalastation.be\/wp-content\/uploads\/2020\/07\/Mon-cahier-de-graphisme.pdf\" class=\"wp-block-file__button\" download>T\u00e9l\u00e9charger<\/a><\/div>\n\n\n\n<div class=\"wp-block-file\"><a href=\"https:\/\/1institalastation.be\/wp-content\/uploads\/2020\/09\/Mon-cahier-de-graphisme-livret.pdf\"><span style=\"background-color:#000000\" class=\"tadv-background-color\"><span style=\"color:#8ed1fc\" class=\"tadv-color\">Mon-cahier-de-graphisme- format A5<\/span><\/span><\/a><a href=\"https:\/\/1institalastation.be\/wp-content\/uploads\/2020\/09\/Mon-cahier-de-graphisme-livret.pdf\" class=\"wp-block-file__button\" download>T\u00e9l\u00e9charger<\/a><\/div>\n\n\n\n<p>Pour les gauchers j\u2019ai invers\u00e9 le cahier afin qu\u2019ils ne soient pas g\u00ean\u00e9s par la reliure\u2026 Les reliures ont \u00e9t\u00e9 faites avec ma clickman.<\/p>\n\n\n\n<figure class=\"wp-block-embed-vimeo wp-block-embed is-type-video is-provider-vimeo wp-embed-aspect-9-16 wp-has-aspect-ratio\"><div class=\"wp-block-embed__wrapper\">\n<iframe loading=\"lazy\" title=\"cahier de graphisme\" src=\"https:\/\/player.vimeo.com\/video\/441622629?dnt=1&amp;app_id=122963\" width=\"563\" height=\"1000\" frameborder=\"0\" allow=\"autoplay; fullscreen\" allowfullscreen><\/iframe>\n<\/div><\/figure>\n\n\n\n<iframe loading=\"lazy\" src=\"https:\/\/www.facebook.com\/plugins\/like.php?href=https%3A%2F%2Fwww.facebook.com%2F1institalastation&amp;width=187&amp;layout=button_count&amp;action=like&amp;size=large&amp;share=true&amp;height=46&amp;appId\" width=\"187\" height=\"46\" style=\"border:none;overflow:hidden\" scrolling=\"no\" frameborder=\"0\" allowtransparency=\"true\" allow=\"encrypted-media\"><\/iframe>\n\n\n\n<iframe style=\"width:120px;height:240px;\" marginwidth=\"0\" marginheight=\"0\" scrolling=\"no\" frameborder=\"0\" src=\"\/\/ws-eu.amazon-adsystem.com\/widgets\/q?ServiceVersion=20070822&amp;OneJS=1&amp;Operation=GetAdHtml&amp;MarketPlace=FR&amp;source=ss&amp;ref=as_ss_li_til&amp;ad_type=product_link&amp;tracking_id=1institalasta-21&amp;language=fr_FR&amp;marketplace=amazon&amp;region=FR&amp;placement=B001TPU2OO&amp;asins=B001TPU2OO&amp;linkId=d05848e5d0692d34b096c1380badf0a6&amp;show_border=true&amp;link_opens_in_new_window=true\"><\/iframe>\n<iframe style=\"width:120px;height:240px;\" marginwidth=\"0\" marginheight=\"0\" scrolling=\"no\" frameborder=\"0\" src=\"\/\/ws-eu.amazon-adsystem.com\/widgets\/q?ServiceVersion=20070822&amp;OneJS=1&amp;Operation=GetAdHtml&amp;MarketPlace=FR&amp;source=ss&amp;ref=as_ss_li_til&amp;ad_type=product_link&amp;tracking_id=1institalasta-21&amp;language=fr_FR&amp;marketplace=amazon&amp;region=FR&amp;placement=B000NMHQQ6&amp;asins=B000NMHQQ6&amp;linkId=1b59682f9a0d1fe94c8c2c588a2a35a4&amp;show_border=true&amp;link_opens_in_new_window=true\"><\/iframe>\n","protected":false},"excerpt":{"rendered":"<p>J&rsquo;ai mis en place l&rsquo;ann\u00e9e pass\u00e9e un cahier de graphisme en autonomie&#8230; Cette ann\u00e9e je l&rsquo;ai am\u00e9lior\u00e9 afin que les enfants puissent avoir assez de ressources pour pouvoir l&rsquo;utiliser en autonomie et selon leur rythme&#8230; Le cahier de graphisme comprend : -Des oeuvres ou des photos de la vie de tous les jours qui vont induire le graphisme chez l&rsquo;enfant&#8230; Il va &nbsp;pouvoir rep\u00e9rer les formes, les lignes et les motifs pour ensuite compl\u00e9ter sa feuille. -Des feuilles lign\u00e9es o\u00f9 ils pourront r\u00e9aliser les graphismes \u00e0 l&rsquo;aide des r\u00e9f\u00e9rentiels disponibles en classe ou de mon exemple&#8230; Pourquoi avoir choisi cette fa\u00e7on de faire? \u27a1\ufe0fUtilisant la m\u00e9thode Dumont en pr\u00e9 \u00e9criture, je ne fais que du graphisme dans l\u2019art visuel.. Et je trouvais que les enfants n\u2019avaient pas assez d\u2019entra\u00eenement de graphisme\u2026\u27a1\ufe0f Chaque enfant \u00e9volue \u00e0 son rythme\u27a1\ufe0f C\u2019est assez ludique car ils ont une page avec des autocollants o\u00f9 j\u2019int\u00e8gre un graphisme avec.. ils adorent..&nbsp; Voici le cahier \u00e0 t\u00e9l\u00e9charger\u2026 J\u2019ai imprim\u00e9 les cahiers en A5 mais le fichier est en A4, il faut donc mettre l&rsquo;option 2 feuilles sur 1 au moment de l&rsquo;impression&#8230; Pour les gauchers j\u2019ai invers\u00e9 le cahier afin qu\u2019ils ne soient pas g\u00ean\u00e9s par la reliure\u2026 Les reliures ont \u00e9t\u00e9 faites avec ma clickman.<\/p>\n","protected":false},"author":1,"featured_media":2966,"comment_status":"open","ping_status":"open","sticky":false,"template":"","format":"standard","meta":{"footnotes":""},"categories":[226],"tags":[415,227],"class_list":["post-2954","post","type-post","status-publish","format-standard","has-post-thumbnail","hentry","category-graphisme","tag-cahier-graphisme","tag-graphisme"],"acf":[],"_links":{"self":[{"href":"https:\/\/1institalastation.be\/index.php?rest_route=\/wp\/v2\/posts\/2954","targetHints":{"allow":["GET"]}}],"collection":[{"href":"https:\/\/1institalastation.be\/index.php?rest_route=\/wp\/v2\/posts"}],"about":[{"href":"https:\/\/1institalastation.be\/index.php?rest_route=\/wp\/v2\/types\/post"}],"author":[{"embeddable":true,"href":"https:\/\/1institalastation.be\/index.php?rest_route=\/wp\/v2\/users\/1"}],"replies":[{"embeddable":true,"href":"https:\/\/1institalastation.be\/index.php?rest_route=%2Fwp%2Fv2%2Fcomments&post=2954"}],"version-history":[{"count":0,"href":"https:\/\/1institalastation.be\/index.php?rest_route=\/wp\/v2\/posts\/2954\/revisions"}],"wp:featuredmedia":[{"embeddable":true,"href":"https:\/\/1institalastation.be\/index.php?rest_route=\/wp\/v2\/media\/2966"}],"wp:attachment":[{"href":"https:\/\/1institalastation.be\/index.php?rest_route=%2Fwp%2Fv2%2Fmedia&parent=2954"}],"wp:term":[{"taxonomy":"category","embeddable":true,"href":"https:\/\/1institalastation.be\/index.php?rest_route=%2Fwp%2Fv2%2Fcategories&post=2954"},{"taxonomy":"post_tag","embeddable":true,"href":"https:\/\/1institalastation.be\/index.php?rest_route=%2Fwp%2Fv2%2Ftags&post=2954"}],"curies":[{"name":"wp","href":"https:\/\/api.w.org\/{rel}","templated":true}]}}