{"id":1238,"date":"2019-11-13T22:07:36","date_gmt":"2019-11-13T22:07:36","guid":{"rendered":"http:\/\/1institalastation.be\/?p=1238"},"modified":"2022-02-20T16:52:35","modified_gmt":"2022-02-20T16:52:35","slug":"la-preparation-a-lecriture","status":"publish","type":"post","link":"https:\/\/1institalastation.be\/?p=1238","title":{"rendered":"La pr\u00e9paration \u00e0 l&rsquo;\u00e9criture&#8230;"},"content":{"rendered":"\n<p>Le graphisme, la pr\u00e9paration \u00e0 l\u2019\u00e9criture\u2026 \u00c7a \u00e9t\u00e9 mon gros questionnement de cet \u00e9t\u00e9.. Mes coll\u00e8gues de 1\u00e8re primaire (cp) travaillant avec la M\u00e9thode Dumont, je m\u2019y suis pench\u00e9e.. Voici son site qui est tr\u00e8s complet : <a rel=\"noreferrer noopener\" aria-label=\"http:\/\/legestedecriture.fr   (opens in a new tab)\" href=\"http:\/\/legestedecriture.fr\" target=\"_blank\">http:\/\/legestedecriture.fr  <\/a>.J\u2019ai lu (le geste d\u2019\u00e9criture), je me suis questionn\u00e9e, j\u2019ai pass\u00e9 des heures sur internet\u2026 Et voil\u00e0 que je me lance en septembre\u2026 \u00e0 tatons cette ann\u00e9e\u2026 <\/p>\n\n\n\n<p>Nous avons commenc\u00e9 par le premier geste qui est la boucle..<\/p>\n\n\n\n<p>Nous sommes partis du corps, nous avons donc beaucoup manipul\u00e9 en septembre et d\u00e9but octobre\u2026 J\u2019ai donc cr\u00e9e une page r\u00e9capitulatif des diff\u00e9rentes \u00e9tapes pour mettre dans la farde de vie.<\/p>\n\n\n\n<p> <img loading=\"lazy\" decoding=\"async\" width=\"170\" height=\"263\" class=\"wp-image-1239\" src=\"https:\/\/1institalastation.be\/wp-content\/uploads\/2019\/11\/Capture-d\u2019\u00e9cran-2019-11-13-\u00e0-22.32.46.png\" alt=\"\" style=\"width: 170px;\" srcset=\"https:\/\/1institalastation.be\/wp-content\/uploads\/2019\/11\/Capture-d\u2019\u00e9cran-2019-11-13-\u00e0-22.32.46.png 383w, https:\/\/1institalastation.be\/wp-content\/uploads\/2019\/11\/Capture-d\u2019\u00e9cran-2019-11-13-\u00e0-22.32.46-194x300.png 194w\" sizes=\"auto, (max-width: 170px) 100vw, 170px\" \/><\/p>\n\n\n\n<p>Pour ensuite passer sur le plan vertical et le plan horizontal.. &nbsp;<img loading=\"lazy\" decoding=\"async\" width=\"150\" height=\"195\" class=\"wp-image-1243\" style=\"width: 150px;\" src=\"https:\/\/1institalastation.be\/wp-content\/uploads\/2019\/11\/Capture-d\u2019\u00e9cran-2019-11-13-\u00e0-22.33.18.png\" alt=\"\" srcset=\"https:\/\/1institalastation.be\/wp-content\/uploads\/2019\/11\/Capture-d\u2019\u00e9cran-2019-11-13-\u00e0-22.33.18.png 405w, https:\/\/1institalastation.be\/wp-content\/uploads\/2019\/11\/Capture-d\u2019\u00e9cran-2019-11-13-\u00e0-22.33.18-231x300.png 231w\" sizes=\"auto, (max-width: 150px) 100vw, 150px\" \/> <img loading=\"lazy\" decoding=\"async\" width=\"150\" height=\"191\" class=\"wp-image-1241\" style=\"width: 150px;\" src=\"https:\/\/1institalastation.be\/wp-content\/uploads\/2019\/11\/Capture-d\u2019\u00e9cran-2019-11-13-\u00e0-22.33.04.png\" alt=\"\" srcset=\"https:\/\/1institalastation.be\/wp-content\/uploads\/2019\/11\/Capture-d\u2019\u00e9cran-2019-11-13-\u00e0-22.33.04.png 427w, https:\/\/1institalastation.be\/wp-content\/uploads\/2019\/11\/Capture-d\u2019\u00e9cran-2019-11-13-\u00e0-22.33.04-235x300.png 235w\" sizes=\"auto, (max-width: 150px) 100vw, 150px\" \/> <img loading=\"lazy\" decoding=\"async\" width=\"150\" height=\"210\" class=\"wp-image-1242\" style=\"width: 150px;\" src=\"https:\/\/1institalastation.be\/wp-content\/uploads\/2019\/11\/Capture-d\u2019\u00e9cran-2019-11-13-\u00e0-22.33.11.png\" alt=\"\" srcset=\"https:\/\/1institalastation.be\/wp-content\/uploads\/2019\/11\/Capture-d\u2019\u00e9cran-2019-11-13-\u00e0-22.33.11.png 389w, https:\/\/1institalastation.be\/wp-content\/uploads\/2019\/11\/Capture-d\u2019\u00e9cran-2019-11-13-\u00e0-22.33.11-214x300.png 214w\" sizes=\"auto, (max-width: 150px) 100vw, 150px\" \/><\/p>\n\n\n\n<p>Maintenant nous affinons notre geste dans les ateliers dirig\u00e9s et aussi dans les ateliers autonomes..<\/p>\n\n\n\n<p> <img loading=\"lazy\" decoding=\"async\" width=\"182\" height=\"177\" class=\"wp-image-1244\" src=\"https:\/\/1institalastation.be\/wp-content\/uploads\/2019\/11\/Capture-d\u2019\u00e9cran-2019-11-13-\u00e0-22.33.27.png\" alt=\"\" style=\"width: 182px;\" srcset=\"https:\/\/1institalastation.be\/wp-content\/uploads\/2019\/11\/Capture-d\u2019\u00e9cran-2019-11-13-\u00e0-22.33.27.png 393w, https:\/\/1institalastation.be\/wp-content\/uploads\/2019\/11\/Capture-d\u2019\u00e9cran-2019-11-13-\u00e0-22.33.27-300x292.png 300w\" sizes=\"auto, (max-width: 182px) 100vw, 182px\" \/>  <img loading=\"lazy\" decoding=\"async\" width=\"182\" height=\"292\" class=\"wp-image-1248\" src=\"https:\/\/1institalastation.be\/wp-content\/uploads\/2019\/11\/IMG_2409.jpg\" alt=\"\" style=\"width: 182px;\" srcset=\"https:\/\/1institalastation.be\/wp-content\/uploads\/2019\/11\/IMG_2409.jpg 828w, https:\/\/1institalastation.be\/wp-content\/uploads\/2019\/11\/IMG_2409-187x300.jpg 187w, https:\/\/1institalastation.be\/wp-content\/uploads\/2019\/11\/IMG_2409-768x1234.jpg 768w, https:\/\/1institalastation.be\/wp-content\/uploads\/2019\/11\/IMG_2409-637x1024.jpg 637w\" sizes=\"auto, (max-width: 182px) 100vw, 182px\" \/><\/p>\n\n\n\n<p>Pour les ateliers autonomes, j\u2019ai trouv\u00e9 de super petits cahier que j\u2019ai plastifi\u00e9 et o\u00f9 les enfants peuvent s\u2019exercer.. Ceux-ci proviennent du site <a rel=\"noreferrer noopener\" aria-label=\"classeurdecole. (opens in a new tab)\" href=\"https:\/\/classeurdecole.wordpress.com\/2015\/02\/13\/gestes-decriture-les-carnets-de-gestes\/\" target=\"_blank\">classeurdecole.<\/a> <\/p>\n\n\n\n<p> <img loading=\"lazy\" decoding=\"async\" width=\"150\" height=\"210\" class=\"wp-image-1247\" style=\"width: 150px;\" src=\"https:\/\/1institalastation.be\/wp-content\/uploads\/2019\/11\/Capture-d\u2019\u00e9cran-2019-11-13-\u00e0-22.33.47.png\" alt=\"\" srcset=\"https:\/\/1institalastation.be\/wp-content\/uploads\/2019\/11\/Capture-d\u2019\u00e9cran-2019-11-13-\u00e0-22.33.47.png 389w, https:\/\/1institalastation.be\/wp-content\/uploads\/2019\/11\/Capture-d\u2019\u00e9cran-2019-11-13-\u00e0-22.33.47-214x300.png 214w\" sizes=\"auto, (max-width: 150px) 100vw, 150px\" \/>  <img loading=\"lazy\" decoding=\"async\" width=\"150\" height=\"201\" class=\"wp-image-1245\" style=\"width: 150px;\" src=\"https:\/\/1institalastation.be\/wp-content\/uploads\/2019\/11\/Capture-d\u2019\u00e9cran-2019-11-13-\u00e0-22.33.33.png\" alt=\"\" srcset=\"https:\/\/1institalastation.be\/wp-content\/uploads\/2019\/11\/Capture-d\u2019\u00e9cran-2019-11-13-\u00e0-22.33.33.png 379w, https:\/\/1institalastation.be\/wp-content\/uploads\/2019\/11\/Capture-d\u2019\u00e9cran-2019-11-13-\u00e0-22.33.33-223x300.png 223w\" sizes=\"auto, (max-width: 150px) 100vw, 150px\" \/> <\/p>\n\n\n\n<p>Voici les fichiers de classeurdecole:<\/p>\n\n\n\n<div class=\"wp-block-file\"><a id=\"wp-block-file--media-2ae0d264-be53-4920-acdc-6e12675a7a3b\" href=\"https:\/\/1institalastation.be\/wp-content\/uploads\/2019\/11\/carnet-boucles-complet-3.pdf\">-les boucles:<\/a><a href=\"https:\/\/1institalastation.be\/wp-content\/uploads\/2019\/11\/carnet-boucles-complet-3.pdf\" class=\"wp-block-file__button\" download aria-describedby=\"wp-block-file--media-2ae0d264-be53-4920-acdc-6e12675a7a3b\">T\u00e9l\u00e9charger<\/a><\/div>\n\n\n\n<div class=\"wp-block-file\"><a id=\"wp-block-file--media-4a6acbe0-6a77-4037-988c-f3380ccee309\" href=\"https:\/\/1institalastation.be\/wp-content\/uploads\/2019\/11\/carnet-les-c3a9trc3a9cies-complet-1.pdf\">-Les \u00e9tr\u00e9cies<\/a><a href=\"https:\/\/1institalastation.be\/wp-content\/uploads\/2019\/11\/carnet-les-c3a9trc3a9cies-complet-1.pdf\" class=\"wp-block-file__button\" download aria-describedby=\"wp-block-file--media-4a6acbe0-6a77-4037-988c-f3380ccee309\">T\u00e9l\u00e9charger<\/a><\/div>\n\n\n\n<div class=\"wp-block-file\"><a id=\"wp-block-file--media-99bf0192-dce1-4c0b-84d9-43e005250d3d\" href=\"https:\/\/1institalastation.be\/wp-content\/uploads\/2019\/11\/carnet-arcades-complet-1.pdf\">-Les arcades<\/a><a href=\"https:\/\/1institalastation.be\/wp-content\/uploads\/2019\/11\/carnet-arcades-complet-1.pdf\" class=\"wp-block-file__button\" download aria-describedby=\"wp-block-file--media-99bf0192-dce1-4c0b-84d9-43e005250d3d\">T\u00e9l\u00e9charger<\/a><\/div>\n\n\n\n<div class=\"wp-block-file\"><a id=\"wp-block-file--media-46125e3f-3f0f-4dea-95be-9713a4544181\" href=\"https:\/\/1institalastation.be\/wp-content\/uploads\/2019\/11\/horloges-complet.pdf\">-Les horloges<\/a><a href=\"https:\/\/1institalastation.be\/wp-content\/uploads\/2019\/11\/horloges-complet.pdf\" class=\"wp-block-file__button\" download aria-describedby=\"wp-block-file--media-46125e3f-3f0f-4dea-95be-9713a4544181\">T\u00e9l\u00e9charger<\/a><\/div>\n\n\n\n<p><\/p>\n\n\n\n<p>Nous avons aussi beaucoup travaill\u00e9 la lat\u00e9ralit\u00e9 en manipulation&nbsp; et ensuite sur papier\u2026<\/p>\n\n\n\n<p><img loading=\"lazy\" decoding=\"async\" width=\"150\" height=\"226\" class=\"wp-image-1249\" style=\"width: 150px;\" src=\"https:\/\/1institalastation.be\/wp-content\/uploads\/2019\/11\/Capture-d\u2019\u00e9cran-2019-11-13-\u00e0-22.32.39.png\" alt=\"\" srcset=\"https:\/\/1institalastation.be\/wp-content\/uploads\/2019\/11\/Capture-d\u2019\u00e9cran-2019-11-13-\u00e0-22.32.39.png 379w, https:\/\/1institalastation.be\/wp-content\/uploads\/2019\/11\/Capture-d\u2019\u00e9cran-2019-11-13-\u00e0-22.32.39-199x300.png 199w\" sizes=\"auto, (max-width: 150px) 100vw, 150px\" \/>  <img loading=\"lazy\" decoding=\"async\" width=\"300\" height=\"214\" class=\"wp-image-1250\" src=\"https:\/\/1institalastation.be\/wp-content\/uploads\/2019\/11\/IMG_2366.jpg\" alt=\"\" style=\"width: 300px;\" srcset=\"https:\/\/1institalastation.be\/wp-content\/uploads\/2019\/11\/IMG_2366.jpg 2719w, https:\/\/1institalastation.be\/wp-content\/uploads\/2019\/11\/IMG_2366-300x214.jpg 300w, https:\/\/1institalastation.be\/wp-content\/uploads\/2019\/11\/IMG_2366-768x548.jpg 768w, https:\/\/1institalastation.be\/wp-content\/uploads\/2019\/11\/IMG_2366-1024x731.jpg 1024w, https:\/\/1institalastation.be\/wp-content\/uploads\/2019\/11\/IMG_2366-1240x885.jpg 1240w\" sizes=\"auto, (max-width: 300px) 100vw, 300px\" \/><\/p>\n\n\n\n<p>Et en parall\u00e8le, nous faisons de la motricit\u00e9 fine pour d\u00e9lier le poignet et les doigts gr\u00e2ce \u00e0 la boite \u00e0 motricit\u00e9 fine.. Et si vous voulez des exemples , rendez-vous sur la chaine youtube de <a href=\"https:\/\/www.youtube.com\/channel\/UC1P1z7OT76imCkmLCmCcdfQ\" target=\"_blank\" rel=\"noreferrer noopener\" aria-label=\"Josiane Caron Santha.&nbsp; (opens in a new tab)\">Josiane Caron Santha.&nbsp;<\/a><\/p>\n\n\n\n<p>Et aussi de petits exercices de <a rel=\"noreferrer noopener\" aria-label=\"C\u00e9lia Cheynel (opens in a new tab)\" href=\"https:\/\/www.reeducation-ecriture.fr\/la-methode.php\" target=\"_blank\">C\u00e9lia Cheynel<\/a> pour la gym des doigts ainsi que pour travailler la&nbsp; <strong>mobilit\u00e9 des doigts<\/strong> sur feuille.<\/p>\n\n\n\n<p><iframe loading=\"lazy\" width=\"560\" height=\"315\" src=\"https:\/\/www.youtube.com\/embed\/ob4BI5TErKc\" frameborder=\"0\" allow=\"accelerometer; autoplay; encrypted-media; gyroscope; picture-in-picture\" allowfullscreen=\"\"><\/iframe><\/p>\n\n\n\n<p><img loading=\"lazy\" decoding=\"async\" width=\"198\" height=\"282\" class=\"wp-image-1246\" style=\"width: 198px;\" src=\"https:\/\/1institalastation.be\/wp-content\/uploads\/2019\/11\/Capture-d\u2019\u00e9cran-2019-11-13-\u00e0-22.33.40.png\" alt=\"\" srcset=\"https:\/\/1institalastation.be\/wp-content\/uploads\/2019\/11\/Capture-d\u2019\u00e9cran-2019-11-13-\u00e0-22.33.40.png 394w, https:\/\/1institalastation.be\/wp-content\/uploads\/2019\/11\/Capture-d\u2019\u00e9cran-2019-11-13-\u00e0-22.33.40-210x300.png 210w\" sizes=\"auto, (max-width: 198px) 100vw, 198px\" \/><\/p>\n\n\n\n<p><iframe loading=\"lazy\" src=\"https:\/\/www.youtube.com\/embed\/RB8D33ICAmo\" width=\"560\" height=\"315\" frameborder=\"0\" allowfullscreen=\"allowfullscreen\"><\/iframe><\/p>\n\n\n\n<p><\/p>\n\n\n\n<p>Si vous souhaitez des progressions super bien faites, je vous conseille le site de<a rel=\"noreferrer noopener\" aria-label=\" bibou en classe (opens in a new tab)\" href=\"http:\/\/biboucheenclasse.blogspot.com\/2016\/12\/lecriture-cursive-dapres-daniele-dumont.html\" target=\"_blank\"> bibou en classe<\/a>.. Pourquoi faire ou refaire des choses bien faites?!!&nbsp;<\/p>\n\n\n\n<p>Et une derni\u00e8re petite chose que j&rsquo;adore, c&rsquo;est la vid\u00e9o de Josiane Caron qui aide les enfants pour le maintien du crayon:<\/p>\n\n\n\n<p><iframe loading=\"lazy\" width=\"560\" height=\"315\" src=\"https:\/\/www.youtube.com\/embed\/106m7nKdcYo\" frameborder=\"0\" allow=\"accelerometer; autoplay; encrypted-media; gyroscope; picture-in-picture\" allowfullscreen=\"\"><\/iframe><\/p>\n","protected":false},"excerpt":{"rendered":"<p>Le graphisme, la pr\u00e9paration \u00e0 l\u2019\u00e9criture\u2026 \u00c7a \u00e9t\u00e9 mon gros questionnement de cet \u00e9t\u00e9.. Mes coll\u00e8gues de 1\u00e8re primaire (cp) travaillant avec la M\u00e9thode Dumont, je m\u2019y suis pench\u00e9e.. Voici son site qui est tr\u00e8s complet : http:\/\/legestedecriture.fr .J\u2019ai lu (le geste d\u2019\u00e9criture), je me suis questionn\u00e9e, j\u2019ai pass\u00e9 des heures sur internet\u2026 Et voil\u00e0 que je me lance en septembre\u2026 \u00e0 tatons cette ann\u00e9e\u2026 Nous avons commenc\u00e9 par le premier geste qui est la boucle.. Nous sommes partis du corps, nous avons donc beaucoup manipul\u00e9 en septembre et d\u00e9but octobre\u2026 J\u2019ai donc cr\u00e9e une page r\u00e9capitulatif des diff\u00e9rentes \u00e9tapes pour mettre dans la farde de vie. Pour ensuite passer sur le plan vertical et le plan horizontal.. &nbsp; Maintenant nous affinons notre geste dans les ateliers dirig\u00e9s et aussi dans les ateliers autonomes.. Pour les ateliers autonomes, j\u2019ai trouv\u00e9 de super petits cahier que j\u2019ai plastifi\u00e9 et o\u00f9 les enfants peuvent s\u2019exercer.. Ceux-ci proviennent du site classeurdecole. Voici les fichiers de classeurdecole: Nous avons aussi beaucoup travaill\u00e9 la lat\u00e9ralit\u00e9 en manipulation&nbsp; et ensuite sur papier\u2026 Et en parall\u00e8le, nous faisons de la motricit\u00e9 fine pour d\u00e9lier le poignet et les doigts gr\u00e2ce \u00e0 la boite \u00e0 motricit\u00e9 fine.. Et si vous voulez des exemples , rendez-vous sur la chaine youtube de Josiane Caron Santha.&nbsp; Et aussi de petits exercices de C\u00e9lia Cheynel pour la gym des doigts ainsi que pour travailler la&nbsp; mobilit\u00e9 des doigts sur feuille. Si vous souhaitez des progressions super bien faites, je vous conseille le site de bibou en classe.. Pourquoi faire ou refaire des choses bien faites?!!&nbsp; Et une derni\u00e8re petite chose que j&rsquo;adore, c&rsquo;est la vid\u00e9o de Josiane Caron qui aide les enfants pour le maintien du crayon:<\/p>\n","protected":false},"author":1,"featured_media":1243,"comment_status":"open","ping_status":"open","sticky":false,"template":"","format":"standard","meta":{"footnotes":""},"categories":[25,716],"tags":[],"class_list":["post-1238","post","type-post","status-publish","format-standard","has-post-thumbnail","hentry","category-francais-domaines","category-vers-lecriture-dumont"],"acf":[],"_links":{"self":[{"href":"https:\/\/1institalastation.be\/index.php?rest_route=\/wp\/v2\/posts\/1238","targetHints":{"allow":["GET"]}}],"collection":[{"href":"https:\/\/1institalastation.be\/index.php?rest_route=\/wp\/v2\/posts"}],"about":[{"href":"https:\/\/1institalastation.be\/index.php?rest_route=\/wp\/v2\/types\/post"}],"author":[{"embeddable":true,"href":"https:\/\/1institalastation.be\/index.php?rest_route=\/wp\/v2\/users\/1"}],"replies":[{"embeddable":true,"href":"https:\/\/1institalastation.be\/index.php?rest_route=%2Fwp%2Fv2%2Fcomments&post=1238"}],"version-history":[{"count":0,"href":"https:\/\/1institalastation.be\/index.php?rest_route=\/wp\/v2\/posts\/1238\/revisions"}],"wp:featuredmedia":[{"embeddable":true,"href":"https:\/\/1institalastation.be\/index.php?rest_route=\/wp\/v2\/media\/1243"}],"wp:attachment":[{"href":"https:\/\/1institalastation.be\/index.php?rest_route=%2Fwp%2Fv2%2Fmedia&parent=1238"}],"wp:term":[{"taxonomy":"category","embeddable":true,"href":"https:\/\/1institalastation.be\/index.php?rest_route=%2Fwp%2Fv2%2Fcategories&post=1238"},{"taxonomy":"post_tag","embeddable":true,"href":"https:\/\/1institalastation.be\/index.php?rest_route=%2Fwp%2Fv2%2Ftags&post=1238"}],"curies":[{"name":"wp","href":"https:\/\/api.w.org\/{rel}","templated":true}]}}